{"id":230723,"date":"2010-05-23T06:51:14","date_gmt":"2010-05-23T06:51:14","guid":{"rendered":"https:\/\/archivio.cercoiltuovolto.it\/?p=230723"},"modified":"2010-05-23T06:51:14","modified_gmt":"2010-05-23T06:51:14","slug":"testimoniare-dio-nella-sofferenza","status":"publish","type":"post","link":"https:\/\/archivio.cercoiltuovolto.it\/?p=230723","title":{"rendered":"Testimoniare Dio nella sofferenza"},"content":{"rendered":"<p style=\"text-align: justify;\"><a href=\"http:\/\/www.camillianum.com\/\"><img loading=\"lazy\" decoding=\"async\" class=\"aligncenter size-full wp-image-11915\" title=\"ateologia\" src=\"http:\/\/www.cercoiltuovolto.it\/\/wp-content\/uploads\/2010\/05\/ateologia.jpg\" alt=\"\" width=\"562\" height=\"95\" \/><\/a>Se Dio \u00e8 buono e onnipotente perch\u00e9 c&#8217;\u00e8 il male nel mondo? Perch\u00e9 lo permette? Il pensiero credente d\u00e0 la possibilit\u00e0 di rispondere a queste domande, contrapponendosi alla cosiddetta &#8216;ateologia naturale&#8217; con una razionalit\u00e0 &#8216;allargata&#8217;. Ma la prima risposta che il cristiano d\u00e0 alla sofferenza \u00e8 di tipo pratico, con la sua presenza, la cura e l&#8217;ascolto dell&#8217;altro. Se ne parla in questi giorni in un Convegno all&#8217;<a href=\"http:\/\/www.camillianum.com\/\">Istituto Camillianum di Roma<\/a>.<\/p>\n<blockquote>\n<p style=\"text-align: justify;\">&#8216;Il cristiano &#8211; spiega il preside p. Sandrin m.i. &#8211; sa quando \u00e8 tempo di parlare di Dio e quando \u00e8 tempo di tacere e far parlare il suo amore&#8217;.<\/p>\n<\/blockquote>\n<p style=\"text-align: justify;\">[powerpress]<\/p>\n<p style=\"text-align: justify;\">Fonte: <a href=\"http:\/\/www.radiovaticana.org\/105\/articolo.asp?c=394076\">Radio Vaticana<\/a><\/p>\n","protected":false},"excerpt":{"rendered":"<p>Se Dio \u00e8 buono e onnipotente perch\u00e9 c&#8217;\u00e8 il male nel mondo? Perch\u00e9 lo permette? Il pensiero credente d\u00e0 la possibilit\u00e0 di rispondere a queste domande, contrapponendosi alla cosiddetta &#8216;ateologia naturale&#8217; con una razionalit\u00e0 &#8216;allargata&#8217;. Ma la prima risposta che il cristiano d\u00e0 alla sofferenza \u00e8 di tipo pratico, con la sua presenza, la cura&#8230;<\/p>\n","protected":false},"author":3,"featured_media":0,"comment_status":"closed","ping_status":"closed","sticky":false,"template":"","format":"standard","meta":{"_kad_post_transparent":"","_kad_post_title":"","_kad_post_layout":"","_kad_post_sidebar_id":"","_kad_post_content_style":"","_kad_post_vertical_padding":"","_kad_post_feature":"","_kad_post_feature_position":"","_kad_post_header":false,"_kad_post_footer":false,"_kad_post_classname":"","footnotes":""},"categories":[100,4],"tags":[57,15,27],"class_list":["post-230723","post","type-post","status-publish","format-standard","hentry","category-100","category-audio-cattolici","tag-conferenze","tag-fede","tag-radio-vaticana"],"_links":{"self":[{"href":"https:\/\/archivio.cercoiltuovolto.it\/index.php?rest_route=\/wp\/v2\/posts\/230723","targetHints":{"allow":["GET"]}}],"collection":[{"href":"https:\/\/archivio.cercoiltuovolto.it\/index.php?rest_route=\/wp\/v2\/posts"}],"about":[{"href":"https:\/\/archivio.cercoiltuovolto.it\/index.php?rest_route=\/wp\/v2\/types\/post"}],"author":[{"embeddable":true,"href":"https:\/\/archivio.cercoiltuovolto.it\/index.php?rest_route=\/wp\/v2\/users\/3"}],"replies":[{"embeddable":true,"href":"https:\/\/archivio.cercoiltuovolto.it\/index.php?rest_route=%2Fwp%2Fv2%2Fcomments&post=230723"}],"version-history":[{"count":0,"href":"https:\/\/archivio.cercoiltuovolto.it\/index.php?rest_route=\/wp\/v2\/posts\/230723\/revisions"}],"wp:attachment":[{"href":"https:\/\/archivio.cercoiltuovolto.it\/index.php?rest_route=%2Fwp%2Fv2%2Fmedia&parent=230723"}],"wp:term":[{"taxonomy":"category","embeddable":true,"href":"https:\/\/archivio.cercoiltuovolto.it\/index.php?rest_route=%2Fwp%2Fv2%2Fcategories&post=230723"},{"taxonomy":"post_tag","embeddable":true,"href":"https:\/\/archivio.cercoiltuovolto.it\/index.php?rest_route=%2Fwp%2Fv2%2Ftags&post=230723"}],"curies":[{"name":"wp","href":"https:\/\/api.w.org\/{rel}","templated":true}]}}