{"id":230688,"date":"2010-05-17T06:26:35","date_gmt":"2010-05-17T06:26:35","guid":{"rendered":"https:\/\/archivio.cercoiltuovolto.it\/?p=230688"},"modified":"2010-05-17T06:26:35","modified_gmt":"2010-05-17T06:26:35","slug":"etica-ed-economia-un-nuovo-modello-di-crescita-economica","status":"publish","type":"post","link":"https:\/\/archivio.cercoiltuovolto.it\/?p=230688","title":{"rendered":"Etica ed economia. Un nuovo modello di crescita economica"},"content":{"rendered":"<blockquote>\n<p><img loading=\"lazy\" decoding=\"async\" class=\"aligncenter size-medium wp-image-11805\" title=\"Invito\" src=\"http:\/\/www.cercoiltuovolto.it\/\/wp-content\/uploads\/2010\/05\/InvitoETICA_ECONOMIA-300x212.jpg\" alt=\"\" width=\"300\" height=\"212\" \/><\/p>\n<p>II binomio etica ed economia \u00e8 stato finora molto discusso, ma poco applicato. Oggi si sta finalmente iniziando a capire che i due concetti sono inscindibili e che la loro collaborazione \u00e8 di vitale importanza.<\/p>\n<p>L&#8217;economia \u00e8 universalmente considerata una disciplina prioritariamente legata al perseguimento della ricchezza, ma tale ricchezza non pu\u00f2 essere considerata fine a se stessa, bens\u00ec un mezzo per raggiungere altri fini. Non \u00e8 possibile, quindi, dissociare la declinazione di una visione economica da quello dell&#8217;etica e della filosofia politica. A qualsiasi scuola appartengano, gli economisti non possono non riconoscere che l&#8217;uomo sia mosso nelle sue azioni da finalit\u00e0 non solo strettamente utilitaristiche, ma anche morali.<\/p>\n<p>Lo stesso Adam Smith, nella &#8220;Teoria dei sentimenti morali&#8221;, dimostra di avere una concezione ben pi\u00f9 allargata ed \u00e8 ben lontano dal considerare il comportamento auto interessato come l&#8217;unico vero motore razionale. Un intelligente perseguimento dei propri interessi non pu\u00f2 prescindere da valori quali l&#8217;equit\u00e0, la giustizia e lo spirito pubblico che sono le qualit\u00e0 pi\u00f9 utili alla convivenza sociale.<br \/>\n La concezione di un&#8217;etica interessata alle norme ma non ai risultati concreti e di un&#8217;economia viceversa esclusivamente attenta alle conseguenze, \u00e8 tramontata.<\/p>\n<p>Le conseguenze delle azioni pubbliche e private vanno inevitabilmente valutate non pi\u00f9 in termini strettamente utilitaristici, ma perseguendo quell&#8217;ideale pi\u00f9 ampio della &#8220;fioritura umana&#8221; che fu di Aristotele.<\/p>\n<p>Fare bene, insomma, conviene.<\/p>\n<\/blockquote>\n<p>Da<a href=\"http:\/\/www.radioradicale.it\/scheda\/303184\/etica-ed-economia-un-nuovo-modello-di-crescita-economica\"> Radio Radicale<\/a><\/p><\/p>\n","protected":false},"excerpt":{"rendered":"<p>II binomio etica ed economia \u00e8 stato finora molto discusso, ma poco applicato. Oggi si sta finalmente iniziando a capire che i due concetti sono inscindibili e che la loro collaborazione \u00e8 di vitale importanza. L&#8217;economia \u00e8 universalmente considerata una disciplina prioritariamente legata al perseguimento della ricchezza, ma tale ricchezza non pu\u00f2 essere considerata fine&#8230;<\/p>\n","protected":false},"author":3,"featured_media":0,"comment_status":"closed","ping_status":"closed","sticky":false,"template":"","format":"standard","meta":{"_kad_post_transparent":"","_kad_post_title":"","_kad_post_layout":"","_kad_post_sidebar_id":"","_kad_post_content_style":"","_kad_post_vertical_padding":"","_kad_post_feature":"","_kad_post_feature_position":"","_kad_post_header":false,"_kad_post_footer":false,"_kad_post_classname":"","footnotes":""},"categories":[100,4],"tags":[360,117],"class_list":["post-230688","post","type-post","status-publish","format-standard","hentry","category-100","category-audio-cattolici","tag-etica","tag-incontri"],"_links":{"self":[{"href":"https:\/\/archivio.cercoiltuovolto.it\/index.php?rest_route=\/wp\/v2\/posts\/230688","targetHints":{"allow":["GET"]}}],"collection":[{"href":"https:\/\/archivio.cercoiltuovolto.it\/index.php?rest_route=\/wp\/v2\/posts"}],"about":[{"href":"https:\/\/archivio.cercoiltuovolto.it\/index.php?rest_route=\/wp\/v2\/types\/post"}],"author":[{"embeddable":true,"href":"https:\/\/archivio.cercoiltuovolto.it\/index.php?rest_route=\/wp\/v2\/users\/3"}],"replies":[{"embeddable":true,"href":"https:\/\/archivio.cercoiltuovolto.it\/index.php?rest_route=%2Fwp%2Fv2%2Fcomments&post=230688"}],"version-history":[{"count":0,"href":"https:\/\/archivio.cercoiltuovolto.it\/index.php?rest_route=\/wp\/v2\/posts\/230688\/revisions"}],"wp:attachment":[{"href":"https:\/\/archivio.cercoiltuovolto.it\/index.php?rest_route=%2Fwp%2Fv2%2Fmedia&parent=230688"}],"wp:term":[{"taxonomy":"category","embeddable":true,"href":"https:\/\/archivio.cercoiltuovolto.it\/index.php?rest_route=%2Fwp%2Fv2%2Fcategories&post=230688"},{"taxonomy":"post_tag","embeddable":true,"href":"https:\/\/archivio.cercoiltuovolto.it\/index.php?rest_route=%2Fwp%2Fv2%2Ftags&post=230688"}],"curies":[{"name":"wp","href":"https:\/\/api.w.org\/{rel}","templated":true}]}}