{"id":230668,"date":"2010-05-12T05:29:29","date_gmt":"2010-05-12T05:29:29","guid":{"rendered":"https:\/\/archivio.cercoiltuovolto.it\/?p=230668"},"modified":"2010-05-12T05:29:29","modified_gmt":"2010-05-12T05:29:29","slug":"commento-al-vangelo-del-16-maggio-2010-paolo-curtaz","status":"publish","type":"post","link":"https:\/\/archivio.cercoiltuovolto.it\/?p=230668","title":{"rendered":"Commento al Vangelo del 16 maggio 2010 &#8211; Paolo Curtaz"},"content":{"rendered":"<h2><img loading=\"lazy\" decoding=\"async\" class=\"alignleft size-medium wp-image-11731\" title=\"Ascension of Christ\" src=\"http:\/\/www.cercoiltuovolto.it\/\/wp-content\/uploads\/2010\/05\/Ascension-of-Christ-300x293.jpg\" alt=\"\" width=\"300\" height=\"293\" \/>Ascensione<\/h2>\n<p style=\"text-align: justify;\">At 1,1-11\/Eb 9,24-28; 10,19-23\/ Lc 24,46-53<\/p>\n<p style=\"text-align: justify;\"><strong>Il tempo della Chiesa<\/strong><\/p>\n<p style=\"text-align: justify;\"><em>Uomini di Galilea, perch\u00e9 continuate a guardare il cielo?<\/em><\/p>\n<p style=\"text-align: justify;\">Sono stupiti e amareggiati, i discepoli. Il Maestro se ne va proprio ora che, infine, avevano capito il grande disegno di Dio su Ges\u00f9, proprio ora che, finalmente, avevano superato il dolore e si erano convertiti alla gioia! Proprio ora che, come nel finale in una bella commedia americana, tutto sembrava chiaro, lineare: il Regno era finalmente iniziato e Ges\u00f9 avrebbe regnato con i suoi fedeli (?) apostoli per l\u2019eternit\u00e0.<\/p>\n<p style=\"text-align: justify;\">E invece no.<\/p>\n<p style=\"text-align: justify;\">Spiazzati, nuovamente.<\/p>\n<p style=\"text-align: center;\">\n<blockquote>\n<h2>Anche in podcast!<\/h2>\n<p>[powerpress]<\/p>\n<\/blockquote>\n<p style=\"text-align: justify;\">Ges\u00f9 torna al Padre, e affida l\u2019annuncio del Regno ai discepoli.<\/p>\n<p style=\"text-align: justify;\">Che storia.<\/p>\n<p style=\"text-align: justify;\"><strong>Scambio sfavorevole<\/strong><\/p>\n<p style=\"text-align: justify;\"><em>Uomini di Galilea, perch\u00e9 continuate a guardare il cielo?<\/em><\/p>\n<p style=\"text-align: justify;\">Quante domande la Parola rivolge al cercatore di Dio.<\/p>\n<p style=\"text-align: justify;\"><em>Perch\u00e9 piangi, anima mia, perch\u00e9 su di me gemi?<\/em><\/p>\n<p style=\"text-align: justify;\"><em>Perch\u00e9 cercate fra i morti uno che \u00e8 vivo?<\/em><\/p>\n<p style=\"text-align: justify;\">Dio ci interroga, ci scuote, ci invita ad andare oltre, a crescere, a credere.<\/p>\n<p style=\"text-align: justify;\">No, non dobbiamo cercare in cielo il volto di un Dio che ha calpestato la terra.<\/p>\n<p style=\"text-align: justify;\">Lo possiamo cercare l\u00e0 dove ha deciso, per sempre, di abitare: in mezzo ai fratelli pi\u00f9 poveri, in mezzo alla comunit\u00e0 di coloro che credono nel Nazareno.<\/p>\n<p style=\"text-align: justify;\">Paradosso insostenibile del cristianesimo!<\/p>\n<p style=\"text-align: justify;\">Prima ci chiede di credere che il Dio invisibile si \u00e8 fatto uomo.<\/p>\n<p style=\"text-align: justify;\">Ora ci chiede di credere che il Dio accessibile si consegna nella fragili mani di uomini peccatori e incoerenti!<\/p>\n<p style=\"text-align: justify;\">Scambio sfavorevole: invece di incontrare il volto radioso e sereno del Maestro, incontriamo il volto rugoso e scuro dei cristiani\u2026<\/p>\n<p style=\"text-align: justify;\"><strong>E se, invece<\/strong><\/p>\n<p style=\"text-align: justify;\">Ma se, invece, Ges\u00f9 avesse voluto dirci qualcosa di nuovo? Di inatteso? Se davvero nei progetti di Dio ci fossimo noi? Se, mettete il caso, davvero Ges\u00f9 abbia (follemente) affidato l\u2019annuncio del Regno alla Chiesa, peggio: a questa Chiesa?<\/p>\n<p style=\"text-align: justify;\">Il nostro non \u00e8 un Dio manager amministratore di una multinazionale del sacro che dirama le direttive e un numero verde per le emergenze, con gentili angeli che non danno mai risposte utili, no.<\/p>\n<p style=\"text-align: justify;\">Il Dio presente, il Dio in cui crediamo \u00e8 il Dio che accompagna, certo, ma che affida il cammino del vangelo alla fragilit\u00e0 della sua Chiesa. Il Regno sperato dagli apostoli occorre costruirlo, la nuova dimensione voluta dal Signore per restare nel mondo, non \u00e8 una soluzione magica, ma \u00e8 una dimensione pazientemente intessuta da ognuno di noi.<\/p>\n<p style=\"text-align: justify;\">Siamo noi, ahim\u00e8, il volto di Ges\u00f9 per le persone che incontriamo sulla nostra strada\u2026<\/p>\n<p style=\"text-align: justify;\">Tu che leggi, fratello, sei lo sguardo di Dio per le persone che incontrerai.<\/p>\n<p style=\"text-align: justify;\">Cos\u00ec il nostro Dio originale e spiazzante ha deciso. E cos\u00ec davvero accade.<\/p>\n<p style=\"text-align: justify;\"><strong>Il tempo della Chiesa<\/strong><\/p>\n<p style=\"text-align: justify;\">L\u2019ascensione segna la fine di un momento, il momento della presenza fisica di Dio, dell\u2019annuncio del vero volto del Padre da parte di Ges\u00f9, che professiamo Signore e Dio, con la rassicurazione, da parte di Dio stesso della sua bont\u00e0 e della sua vicinanza nello sguardo di noi discepoli. Ora \u00e8 il tempo di costruire relazioni e rapporti a partire dal sogno di Dio che \u00e8 la Chiesa: comunit\u00e0 di fratelli e sorelle radunati nella tenerezza e nella franchezza nel Vangelo.<\/p>\n<p style=\"text-align: justify;\">Accogliamo allora l\u2019invito degli angeli: smettiamola di guardare tra le nuvole cercando il barlume della gloria di Dio e \u2013 piuttosto \u2013 vediamo questa gloria disseminata nella quotidianit\u00e0 di ci\u00f2 che siamo e viviamo.<\/p>\n<p style=\"text-align: justify;\">Restiamo in citt\u00e0, non fuggiamo la disperante banalit\u00e0 dell\u2019oggi, perch\u00e9 \u00e8 l\u00ec che Ges\u00f9 sceglie di abitare: nell\u2019oggi, nel delirio confuso della mia citt\u00e0.<\/p>\n<p style=\"text-align: justify;\">Cerchiamo Dio, ora, nella gloria del Tempio che \u00e8 l\u2019uomo, tempio del Dio vivente, smettiamola di guardare le nuvole, se Dio \u00e8 nel volto povero e teso del fratello che incrocio.<\/p>\n<p style=\"text-align: justify;\">Il Signore ci dice che \u00e8 possibile qui e ora costruire il suo Regno. L\u2019ascensione segna l\u2019inizio della Chiesa, l\u2019avvio di una nuova avventura che vede noi protagonisti.<\/p>\n<p style=\"text-align: justify;\">E se la Chiesa ci ha masticato, offeso, provato, combattiamo con pi\u00f9 forza, imitiamo i santi che convertirono la Chiesa a partire da loro stessi.<\/p>\n<p style=\"text-align: justify;\">\u2026<\/p>\n<p style=\"text-align: justify;\">Staremo ancora a naso in su a scrutare gli astri?<\/p>\n<p style=\"text-align: justify;\">A implorare un intervento divino?<\/p>\n<p style=\"text-align: justify;\">O non vedremo \u2013 piuttosto \u2013 la presenza di Dio tra i suoi discepoli, presenza segnata nella fatica dell\u2019accoglienza, nella vita di fede, nel desiderio di un mondo pi\u00f9 solidale da costruire giorno per giorno?<\/p>\n<p style=\"text-align: justify;\">Ascendiamo, fratelli: smettiamola di fare i bambini devoti, Dio \u2013 ora \u2013 ha bisogno di discepoli adulti, capaci di far vibrare il Vangelo nella vita, capaci di dire la fede in modo nuovo.<\/p>\n","protected":false},"excerpt":{"rendered":"<p>Ascensione At 1,1-11\/Eb 9,24-28; 10,19-23\/ Lc 24,46-53 Il tempo della Chiesa Uomini di Galilea, perch\u00e9 continuate a guardare il cielo? Sono stupiti e amareggiati, i discepoli. Il Maestro se ne va proprio ora che, infine, avevano capito il grande disegno di Dio su Ges\u00f9, proprio ora che, finalmente, avevano superato il dolore e si erano&#8230;<\/p>\n","protected":false},"author":3,"featured_media":0,"comment_status":"closed","ping_status":"closed","sticky":false,"template":"","format":"standard","meta":{"_kad_post_transparent":"","_kad_post_title":"","_kad_post_layout":"","_kad_post_sidebar_id":"","_kad_post_content_style":"","_kad_post_vertical_padding":"","_kad_post_feature":"","_kad_post_feature_position":"","_kad_post_header":false,"_kad_post_footer":false,"_kad_post_classname":"","footnotes":""},"categories":[100,211],"tags":[5,223,172],"class_list":["post-230668","post","type-post","status-publish","format-standard","hentry","category-100","category-ascensione-del-signore","tag-commento-al-vangelo","tag-paolo-curtaz","tag-vangelo-della-domenica"],"_links":{"self":[{"href":"https:\/\/archivio.cercoiltuovolto.it\/index.php?rest_route=\/wp\/v2\/posts\/230668","targetHints":{"allow":["GET"]}}],"collection":[{"href":"https:\/\/archivio.cercoiltuovolto.it\/index.php?rest_route=\/wp\/v2\/posts"}],"about":[{"href":"https:\/\/archivio.cercoiltuovolto.it\/index.php?rest_route=\/wp\/v2\/types\/post"}],"author":[{"embeddable":true,"href":"https:\/\/archivio.cercoiltuovolto.it\/index.php?rest_route=\/wp\/v2\/users\/3"}],"replies":[{"embeddable":true,"href":"https:\/\/archivio.cercoiltuovolto.it\/index.php?rest_route=%2Fwp%2Fv2%2Fcomments&post=230668"}],"version-history":[{"count":0,"href":"https:\/\/archivio.cercoiltuovolto.it\/index.php?rest_route=\/wp\/v2\/posts\/230668\/revisions"}],"wp:attachment":[{"href":"https:\/\/archivio.cercoiltuovolto.it\/index.php?rest_route=%2Fwp%2Fv2%2Fmedia&parent=230668"}],"wp:term":[{"taxonomy":"category","embeddable":true,"href":"https:\/\/archivio.cercoiltuovolto.it\/index.php?rest_route=%2Fwp%2Fv2%2Fcategories&post=230668"},{"taxonomy":"post_tag","embeddable":true,"href":"https:\/\/archivio.cercoiltuovolto.it\/index.php?rest_route=%2Fwp%2Fv2%2Ftags&post=230668"}],"curies":[{"name":"wp","href":"https:\/\/api.w.org\/{rel}","templated":true}]}}