{"id":230642,"date":"2010-05-06T06:03:54","date_gmt":"2010-05-06T06:03:54","guid":{"rendered":"https:\/\/archivio.cercoiltuovolto.it\/?p=230642"},"modified":"2010-05-06T06:03:54","modified_gmt":"2010-05-06T06:03:54","slug":"come-meditare-il-rosario","status":"publish","type":"post","link":"https:\/\/archivio.cercoiltuovolto.it\/?p=230642","title":{"rendered":"Come meditare il Rosario"},"content":{"rendered":"<p style=\"text-align: justify;\"><em>Come e perch\u00e8 meditare il Rosario<\/em> &#8211;\u00a0a cura del <strong>Movimento Domenicano del Rosario<\/strong><\/p>\n<p style=\"text-align: justify;\">&#8220;Un elemento, non secondario, della Spiritualit\u00e0 Domenicana \u00e8 il filiale amore per la Beata Vergine Maria, la Madre di Ges\u00f9, dalla quale la tradizione attesta che san Domenico abbia ricevuto la corona del santo rosario come strumento di predicazione.<\/p>\n<p style=\"text-align: center;\">\n<p style=\"text-align: justify;\">In questo &#8220;clima&#8221; mariano, palpitante nella Famiglia Domenicana, la ricerca filosofica e teologica che la caratterizza, ne ha sempre ricevuto benefici influssi fruibili in una predicazione insieme profonda e popolare che nel santo rosario ha trovato il mezzo privilegiato.<\/p>\n<p style=\"text-align: justify;\">Erede di questa spiritualit\u00e0, ogni Figlio di san Domenico, da sempre ed anche oggi, \u00e8 un appassionato devoto della Vergine Madre dalla quale, ad immagine del Fondatore, in un modo o in un altro riceve la corona del santo rosario per proporre il segreto di quell\u2019incontro beatificante che, gi\u00e0 ora nella fede, Lei vuol generare in ogni anima affinch\u00e9 Ges\u00f9 possa essere vivo con la Sua Luce ed il Suo Amore in ogni epoca e in ogni tempo.<\/p>\n<p style=\"text-align: justify;\">Questa devozione, personale e comunitaria insieme, ha sempre visto i Domenicani, di tutti i tempi e in ogni dove, impegnati in un\u2019appassionata opera di promozione del santo rosario affinch\u00e9, nella luce del Magistero, la Parola potesse essere letta, amata, meditata e &#8220;compresa&#8221; per essere luce e guida nel cammino di fede di ogni fedele.&#8221;<\/p>\n<p style=\"text-align: justify;\">Il resto della riflessione lo trovi nel sito <a href=\"http:\/\/www.sulrosario.org\" target=\"_blank\">www.sulrosario.org<\/a><\/p>\n<p style=\"text-align: justify;\">\u00a0<\/p>\n","protected":false},"excerpt":{"rendered":"<p>Come e perch\u00e8 meditare il Rosario &#8211;\u00a0a cura del Movimento Domenicano del Rosario &#8220;Un elemento, non secondario, della Spiritualit\u00e0 Domenicana \u00e8 il filiale amore per la Beata Vergine Maria, la Madre di Ges\u00f9, dalla quale la tradizione attesta che san Domenico abbia ricevuto la corona del santo rosario come strumento di predicazione. In questo &#8220;clima&#8221;&#8230;<\/p>\n","protected":false},"author":3,"featured_media":0,"comment_status":"closed","ping_status":"closed","sticky":false,"template":"","format":"standard","meta":{"_kad_post_transparent":"","_kad_post_title":"","_kad_post_layout":"","_kad_post_sidebar_id":"","_kad_post_content_style":"","_kad_post_vertical_padding":"","_kad_post_feature":"","_kad_post_feature_position":"","_kad_post_header":false,"_kad_post_footer":false,"_kad_post_classname":"","footnotes":""},"categories":[100,354],"tags":[113],"class_list":["post-230642","post","type-post","status-publish","format-standard","hentry","category-100","category-santo-rosario","tag-video"],"_links":{"self":[{"href":"https:\/\/archivio.cercoiltuovolto.it\/index.php?rest_route=\/wp\/v2\/posts\/230642","targetHints":{"allow":["GET"]}}],"collection":[{"href":"https:\/\/archivio.cercoiltuovolto.it\/index.php?rest_route=\/wp\/v2\/posts"}],"about":[{"href":"https:\/\/archivio.cercoiltuovolto.it\/index.php?rest_route=\/wp\/v2\/types\/post"}],"author":[{"embeddable":true,"href":"https:\/\/archivio.cercoiltuovolto.it\/index.php?rest_route=\/wp\/v2\/users\/3"}],"replies":[{"embeddable":true,"href":"https:\/\/archivio.cercoiltuovolto.it\/index.php?rest_route=%2Fwp%2Fv2%2Fcomments&post=230642"}],"version-history":[{"count":0,"href":"https:\/\/archivio.cercoiltuovolto.it\/index.php?rest_route=\/wp\/v2\/posts\/230642\/revisions"}],"wp:attachment":[{"href":"https:\/\/archivio.cercoiltuovolto.it\/index.php?rest_route=%2Fwp%2Fv2%2Fmedia&parent=230642"}],"wp:term":[{"taxonomy":"category","embeddable":true,"href":"https:\/\/archivio.cercoiltuovolto.it\/index.php?rest_route=%2Fwp%2Fv2%2Fcategories&post=230642"},{"taxonomy":"post_tag","embeddable":true,"href":"https:\/\/archivio.cercoiltuovolto.it\/index.php?rest_route=%2Fwp%2Fv2%2Ftags&post=230642"}],"curies":[{"name":"wp","href":"https:\/\/api.w.org\/{rel}","templated":true}]}}