{"id":230632,"date":"2010-05-02T21:14:39","date_gmt":"2010-05-02T21:14:39","guid":{"rendered":"https:\/\/archivio.cercoiltuovolto.it\/?p=230632"},"modified":"2010-05-02T21:14:39","modified_gmt":"2010-05-02T21:14:39","slug":"regina-c%c3%a6li-del-2-maggio-2010-in-mp3","status":"publish","type":"post","link":"https:\/\/archivio.cercoiltuovolto.it\/?p=230632","title":{"rendered":"Regina C\u00e6li del 2 maggio 2010 in mp3"},"content":{"rendered":"<p style=\"text-align: justify;\">Mentre ci avviamo a concludere questa solenne celebrazione, ci rivolgiamo in preghiera a Maria Santissima, che a Torino \u00e8 venerata quale principale Patrona col titolo di Beata Vergine Consolata. A Lei affido questa Citt\u00e0 e tutti coloro che vi abitano. Veglia, o Maria, sulle famiglie e sul mondo del lavoro; veglia su quanti hanno smarrito la fede e la speranza; conforta i malati, i carcerati e tutti i sofferenti; sostieni, o Aiuto dei Cristiani, i giovani, gli anziani e le persone in difficolt\u00e0. Veglia, o Madre della Chiesa, sui Pastori e sull\u2019intera Comunit\u00e0 dei credenti, perch\u00e9 siano \u201csale e luce\u201d in mezzo alla societ\u00e0.<\/p>\n<p style=\"text-align: justify;\">La Vergine Maria \u00e8 colei che pi\u00f9 di ogni altro ha contemplato Dio nel volto umano di Ges\u00f9. Lo ha visto appena nato, mentre, avvolto in fasce, era adagiato in una mangiatoia; lo ha visto appena morto, quando, deposto dalla croce, lo avvolsero in un lenzuolo e lo portarono al sepolcro. Dentro di lei si \u00e8 impressa l\u2019immagine del suo Figlio martoriato; ma questa immagine \u00e8 stata poi trasfigurata dalla luce della Risurrezione. Cos\u00ec, nel cuore di Maria, \u00e8 custodito il mistero del volto di Cristo, mistero di morte e di gloria. Da lei possiamo sempre imparare a guardare Ges\u00f9 con sguardo d\u2019amore e di fede, a riconoscere in quel volto umano il Volto di Dio.<\/p>\n<p style=\"text-align: justify;\">Alla Madonna Santissima affido con gratitudine quanti hanno lavorato per questa mia Visita, e per l\u2019Ostensione della Sindone. Prego per loro e perch\u00e9 questi eventi favoriscano un profondo rinnovamento spirituale.\u00a0<em>Regina Caeli\u2026<\/em><\/p>\n<p>[<a href=\"http:\/\/www.vatican.va\/holy_father\/benedict_xvi\/angelus\/2010\/documents\/hf_ben-xvi_reg_20100502_torino_it.html\" target=\"_blank\">Leggi tutto il messaggio<\/a>]\u00a0<em>\u00a9 Copyright 2010 &#8211; Libreria  Editrice Vaticana<\/em><\/p>\n<div class=\"powerpressbox\">[powerpress]<\/div>\n<p style=\"text-align: justify;\"><img loading=\"lazy\" decoding=\"async\" style=\"vertical-align: middle; border: 0px none currentColor;\" title=\"Link\" src=\"http:\/\/www.cercoiltuovolto.it\/\/images\/web.png\" alt=\"Link\" width=\"24\" height=\"24\" \/> <strong>Fonte<\/strong>: Radio Vaticana via FeedRss<a href=\"https:\/\/www.photo.va\/\" target=\"_blank\"><br \/>\n <\/a><span style=\"font-size: xx-small;\"><em>(The content of this podcast is copyrighted by Vatican Radio which, according to  its statute, is entrusted to manage and protect the sound recordings of the  Roman Pontiff, ensuring that their pastoral character and intellectual  property&#8217;s rights are protected when used by third parties. The content of this  podcast is made available only for personal and private use and cannot be  exploited for commercial purposes, without prior written authorization by  Vatican Radio. For further information, please contact the International  Relation Office at relint@vatiradio.va)<\/em><\/span><\/p>\n","protected":false},"excerpt":{"rendered":"<p>Mentre ci avviamo a concludere questa solenne celebrazione, ci rivolgiamo in preghiera a Maria Santissima, che a Torino \u00e8 venerata quale principale Patrona col titolo di Beata Vergine Consolata. A Lei affido questa Citt\u00e0 e tutti coloro che vi abitano. Veglia, o Maria, sulle famiglie e sul mondo del lavoro; veglia su quanti hanno smarrito&#8230;<\/p>\n","protected":false},"author":3,"featured_media":0,"comment_status":"closed","ping_status":"closed","sticky":false,"template":"","format":"standard","meta":{"_kad_post_transparent":"","_kad_post_title":"","_kad_post_layout":"","_kad_post_sidebar_id":"","_kad_post_content_style":"","_kad_post_vertical_padding":"","_kad_post_feature":"","_kad_post_feature_position":"","_kad_post_header":false,"_kad_post_footer":false,"_kad_post_classname":"","footnotes":""},"categories":[100,4],"tags":[73,199],"class_list":["post-230632","post","type-post","status-publish","format-standard","hentry","category-100","category-audio-cattolici","tag-benedetto-xvi","tag-regina-coeli"],"_links":{"self":[{"href":"https:\/\/archivio.cercoiltuovolto.it\/index.php?rest_route=\/wp\/v2\/posts\/230632","targetHints":{"allow":["GET"]}}],"collection":[{"href":"https:\/\/archivio.cercoiltuovolto.it\/index.php?rest_route=\/wp\/v2\/posts"}],"about":[{"href":"https:\/\/archivio.cercoiltuovolto.it\/index.php?rest_route=\/wp\/v2\/types\/post"}],"author":[{"embeddable":true,"href":"https:\/\/archivio.cercoiltuovolto.it\/index.php?rest_route=\/wp\/v2\/users\/3"}],"replies":[{"embeddable":true,"href":"https:\/\/archivio.cercoiltuovolto.it\/index.php?rest_route=%2Fwp%2Fv2%2Fcomments&post=230632"}],"version-history":[{"count":0,"href":"https:\/\/archivio.cercoiltuovolto.it\/index.php?rest_route=\/wp\/v2\/posts\/230632\/revisions"}],"wp:attachment":[{"href":"https:\/\/archivio.cercoiltuovolto.it\/index.php?rest_route=%2Fwp%2Fv2%2Fmedia&parent=230632"}],"wp:term":[{"taxonomy":"category","embeddable":true,"href":"https:\/\/archivio.cercoiltuovolto.it\/index.php?rest_route=%2Fwp%2Fv2%2Fcategories&post=230632"},{"taxonomy":"post_tag","embeddable":true,"href":"https:\/\/archivio.cercoiltuovolto.it\/index.php?rest_route=%2Fwp%2Fv2%2Ftags&post=230632"}],"curies":[{"name":"wp","href":"https:\/\/api.w.org\/{rel}","templated":true}]}}