{"id":230624,"date":"2010-04-30T08:05:33","date_gmt":"2010-04-30T08:05:33","guid":{"rendered":"https:\/\/archivio.cercoiltuovolto.it\/?p=230624"},"modified":"2010-04-30T08:05:33","modified_gmt":"2010-04-30T08:05:33","slug":"riflessione-sul-vangelo-quinta-domenica-di-pasqua-c-2-maggio-2010","status":"publish","type":"post","link":"https:\/\/archivio.cercoiltuovolto.it\/?p=230624","title":{"rendered":"Riflessione sul Vangelo: Quinta Domenica di Pasqua (C) &#8211; 2 maggio 2010"},"content":{"rendered":"<p style=\"text-align: left;\">&#8220;<em>La Parola di Dio<\/em>&#8220;, canale YouTube del prolifico Don Mauro di <strong>graficapastorale.it<\/strong>, propone una riflessione sul brano del Vangelo di domenica prossima,<em><strong> <em>Gv 13, 31-33. 34-35.<\/em><\/strong><\/em><\/p>\n<p style=\"text-align: center;\">\n<blockquote style=\"text-align: left;\">\n<p><strong><em>Gv 13, 31-33. 34-35<\/em><br \/>\n <\/strong> Dal Vangelo secondo Giovanni<br \/>\n Quando Giuda fu uscito [dal cenacolo], Ges\u00f9 disse: \u00abOra il Figlio dell\u2019uomo \u00e8 stato glorificato, e Dio \u00e8 stato glorificato in lui. Se Dio \u00e8 stato glorificato in lui, anche Dio lo glorificher\u00e0 da parte sua e lo glorificher\u00e0 subito.<br \/>\n Figlioli, ancora per poco sono con voi. Vi do un comandamento nuovo: che vi amiate gli uni gli altri. Come io ho amato voi, cos\u00ec amatevi anche voi gli uni gli altri.<br \/>\n Da questo tutti sapranno che siete miei discepoli: se avete amore gli uni per gli altri\u00bb.<\/p>\n<p> C: Parola del Signore.<br \/>\n A: Lode a Te o Cristo.<\/p>\n<\/blockquote>\n<p><em>Sei un amante dei libri? <a title=\"presentazioni audio e video editoriali\" href=\"http:\/\/www.biblion.org\" target=\"_blank\">E&#8217; nato &#8220;Bibl\u00econ&#8221;<\/a><\/em>! \ud83d\ude09<\/p>\n","protected":false},"excerpt":{"rendered":"<p>&#8220;La Parola di Dio&#8220;, canale YouTube del prolifico Don Mauro di graficapastorale.it, propone una riflessione sul brano del Vangelo di domenica prossima, Gv 13, 31-33. 34-35. Gv 13, 31-33. 34-35 Dal Vangelo secondo Giovanni Quando Giuda fu uscito [dal cenacolo], Ges\u00f9 disse: \u00abOra il Figlio dell\u2019uomo \u00e8 stato glorificato, e Dio \u00e8 stato glorificato in&#8230;<\/p>\n","protected":false},"author":3,"featured_media":0,"comment_status":"closed","ping_status":"closed","sticky":false,"template":"","format":"standard","meta":{"_kad_post_transparent":"","_kad_post_title":"","_kad_post_layout":"","_kad_post_sidebar_id":"","_kad_post_content_style":"","_kad_post_vertical_padding":"","_kad_post_feature":"","_kad_post_feature_position":"","_kad_post_header":false,"_kad_post_footer":false,"_kad_post_classname":"","footnotes":""},"categories":[100,147],"tags":[192,172,113],"class_list":["post-230624","post","type-post","status-publish","format-standard","hentry","category-100","category-commento-al-vangelo","tag-pasqua","tag-vangelo-della-domenica","tag-video"],"_links":{"self":[{"href":"https:\/\/archivio.cercoiltuovolto.it\/index.php?rest_route=\/wp\/v2\/posts\/230624","targetHints":{"allow":["GET"]}}],"collection":[{"href":"https:\/\/archivio.cercoiltuovolto.it\/index.php?rest_route=\/wp\/v2\/posts"}],"about":[{"href":"https:\/\/archivio.cercoiltuovolto.it\/index.php?rest_route=\/wp\/v2\/types\/post"}],"author":[{"embeddable":true,"href":"https:\/\/archivio.cercoiltuovolto.it\/index.php?rest_route=\/wp\/v2\/users\/3"}],"replies":[{"embeddable":true,"href":"https:\/\/archivio.cercoiltuovolto.it\/index.php?rest_route=%2Fwp%2Fv2%2Fcomments&post=230624"}],"version-history":[{"count":0,"href":"https:\/\/archivio.cercoiltuovolto.it\/index.php?rest_route=\/wp\/v2\/posts\/230624\/revisions"}],"wp:attachment":[{"href":"https:\/\/archivio.cercoiltuovolto.it\/index.php?rest_route=%2Fwp%2Fv2%2Fmedia&parent=230624"}],"wp:term":[{"taxonomy":"category","embeddable":true,"href":"https:\/\/archivio.cercoiltuovolto.it\/index.php?rest_route=%2Fwp%2Fv2%2Fcategories&post=230624"},{"taxonomy":"post_tag","embeddable":true,"href":"https:\/\/archivio.cercoiltuovolto.it\/index.php?rest_route=%2Fwp%2Fv2%2Ftags&post=230624"}],"curies":[{"name":"wp","href":"https:\/\/api.w.org\/{rel}","templated":true}]}}