{"id":230617,"date":"2010-04-28T17:46:04","date_gmt":"2010-04-28T17:46:04","guid":{"rendered":"https:\/\/archivio.cercoiltuovolto.it\/?p=230617"},"modified":"2010-04-28T17:46:04","modified_gmt":"2010-04-28T17:46:04","slug":"udienza-generale-del-santo-padre-in-mp3-28-aprile-2010","status":"publish","type":"post","link":"https:\/\/archivio.cercoiltuovolto.it\/?p=230617","title":{"rendered":"&#8220;Udienza Generale&#8221; del Santo Padre in mp3 &#8211; 28 aprile 2010"},"content":{"rendered":"<p><em><strong>San Leonardo Murialdo e San Giuseppe Benedetto Cottolengo<\/strong><\/em><\/p>\n<p><em>Cari fratelli e sorelle,<\/em><\/p>\n<p style=\"text-align: justify;\">ci stiamo avviando verso la conclusione dell\u2019<a href=\"http:\/\/www.vatican.va\/special\/anno_sac\/index_it.html\" target=\"_blank\">Anno Sacerdotale<\/a> e, in questo ultimo mercoled\u00ec di aprile, vorrei parlare di due santi Sacerdoti esemplari nella loro donazione a Dio e nella testimonianza di carit\u00e0, vissuta nella Chiesa e per la Chiesa, verso i fratelli pi\u00f9 bisognosi: san Leonardo Murialdo e san Giuseppe Benedetto Cottolengo. Del primo ricordiamo i 110 anni dalla morte e i 40 anni dalla canonizzazione; del secondo sono iniziate le celebrazioni per il 2\u00b0 centenario di Ordinazione sacerdotale.<\/p>\n<p style=\"text-align: justify;\">[<a href=\"http:\/\/www.vatican.va\/holy_father\/benedict_xvi\/audiences\/2010\/documents\/hf_ben-xvi_aud_20100428_it.html\" target=\"_blank\">Leggi tutto il messaggio<\/a>] <em>\u00a9 Copyright 2010 &#8211; Libreria  Editrice Vaticana<\/em><\/p>\n<div class=\"powerpressbox\">[powerpress]<\/div>\n<p class=\"film\"><a href=\"http:\/\/vod.vatican.va\/udienza28042010.mov\" target=\"_blank\">Link al video ufficiale<\/a> (<em>richiede Apple Quick Time<\/em>)<\/p>\n<p style=\"text-align: justify;\"><img loading=\"lazy\" decoding=\"async\" style=\"vertical-align: middle; border: 0px none currentColor;\" title=\"Link\" src=\"http:\/\/www.cercoiltuovolto.it\/\/images\/web.png\" alt=\"Link\" width=\"24\" height=\"24\" \/> Fonte del podcast: <strong>Radio Vaticana<\/strong> via FeedRss | <strong>Foto<\/strong>: <a href=\"https:\/\/www.photo.va\" target=\"_blank\">Osservatore Romano<br \/>\n <\/a><em><span style=\"font-size: xx-small;\">(The content of this podcast is copyrighted by Vatican Radio which, according to  its statute, is entrusted to manage and protect the sound recordings of the  Roman Pontiff, ensuring that their pastoral character and intellectual  property&#8217;s rights are protected when used by third parties. The content of this  podcast is made available only for personal and private use and cannot be  exploited for commercial purposes, without prior written authorization by  Vatican Radio. For further information, please contact the International  Relation Office at relint@vatiradio.va)<\/span><\/em><\/p>\n","protected":false},"excerpt":{"rendered":"<p>San Leonardo Murialdo e San Giuseppe Benedetto Cottolengo Cari fratelli e sorelle, ci stiamo avviando verso la conclusione dell\u2019Anno Sacerdotale e, in questo ultimo mercoled\u00ec di aprile, vorrei parlare di due santi Sacerdoti esemplari nella loro donazione a Dio e nella testimonianza di carit\u00e0, vissuta nella Chiesa e per la Chiesa, verso i fratelli pi\u00f9&#8230;<\/p>\n","protected":false},"author":3,"featured_media":0,"comment_status":"closed","ping_status":"closed","sticky":false,"template":"","format":"standard","meta":{"_kad_post_transparent":"","_kad_post_title":"","_kad_post_layout":"","_kad_post_sidebar_id":"","_kad_post_content_style":"","_kad_post_vertical_padding":"","_kad_post_feature":"","_kad_post_feature_position":"","_kad_post_header":false,"_kad_post_footer":false,"_kad_post_classname":"","footnotes":""},"categories":[100,4],"tags":[73,65],"class_list":["post-230617","post","type-post","status-publish","format-standard","hentry","category-100","category-audio-cattolici","tag-benedetto-xvi","tag-udienza-generale"],"_links":{"self":[{"href":"https:\/\/archivio.cercoiltuovolto.it\/index.php?rest_route=\/wp\/v2\/posts\/230617","targetHints":{"allow":["GET"]}}],"collection":[{"href":"https:\/\/archivio.cercoiltuovolto.it\/index.php?rest_route=\/wp\/v2\/posts"}],"about":[{"href":"https:\/\/archivio.cercoiltuovolto.it\/index.php?rest_route=\/wp\/v2\/types\/post"}],"author":[{"embeddable":true,"href":"https:\/\/archivio.cercoiltuovolto.it\/index.php?rest_route=\/wp\/v2\/users\/3"}],"replies":[{"embeddable":true,"href":"https:\/\/archivio.cercoiltuovolto.it\/index.php?rest_route=%2Fwp%2Fv2%2Fcomments&post=230617"}],"version-history":[{"count":0,"href":"https:\/\/archivio.cercoiltuovolto.it\/index.php?rest_route=\/wp\/v2\/posts\/230617\/revisions"}],"wp:attachment":[{"href":"https:\/\/archivio.cercoiltuovolto.it\/index.php?rest_route=%2Fwp%2Fv2%2Fmedia&parent=230617"}],"wp:term":[{"taxonomy":"category","embeddable":true,"href":"https:\/\/archivio.cercoiltuovolto.it\/index.php?rest_route=%2Fwp%2Fv2%2Fcategories&post=230617"},{"taxonomy":"post_tag","embeddable":true,"href":"https:\/\/archivio.cercoiltuovolto.it\/index.php?rest_route=%2Fwp%2Fv2%2Ftags&post=230617"}],"curies":[{"name":"wp","href":"https:\/\/api.w.org\/{rel}","templated":true}]}}