{"id":230591,"date":"2010-04-24T06:51:29","date_gmt":"2010-04-24T06:51:29","guid":{"rendered":"https:\/\/archivio.cercoiltuovolto.it\/?p=230591"},"modified":"2010-04-24T06:51:29","modified_gmt":"2010-04-24T06:51:29","slug":"intervista-del-patriarca-scola-alla-rivista-san-francesco","status":"publish","type":"post","link":"https:\/\/archivio.cercoiltuovolto.it\/?p=230591","title":{"rendered":"Intervista del Patriarca Scola alla Rivista San Francesco"},"content":{"rendered":"<p style=\"text-align: justify;\"><img loading=\"lazy\" decoding=\"async\" class=\"alignleft size-full wp-image-11485\" title=\"scola\" src=\"http:\/\/www.cercoiltuovolto.it\/\/wp-content\/uploads\/2010\/04\/scola.jpg\" alt=\"\" width=\"175\" height=\"126\" \/>ASSISI \u2013 Il carisma di S. Francesco e S. Chiara comunicano una vitalit\u00e0  fortissima e destano nei pi\u00f9 giovani il desiderio di infinito, perch\u00e9 i  due santi di Assisi hanno nel cuore il desiderio di essere \u201cfelici\u201d,  riusciti, e scoprono che solo Ges\u00f9 risponde in pieno a questo. Questo  uno dei passaggi dell\u2019intervista rilasciata dal Patriarca alla rivista  online San Francesco Patrono d\u2019Italia in occasione del pellegrinaggio  dei ragazzi della diocesi di Venezia ad Assisi sul tema: \u201cUn amore al  cubo\u201d ovvero \u201cS. Francesco: il fascino dell\u2019amore elevato alla potenza  di Dio\u201d (per altre note sul pellegrinaggio si rimanda a post  precedenti).<\/p>\n<p class=\"immagine-link\"><a href=\"http:\/\/www.sanfrancescopatronoditalia.it\/visualizza_video.php?id_multimedia=328\" target=\"_blank\">Link al video<\/a><\/p>\n<p class=\"sito-web\">Fonte: <a href=\"http:\/\/angeloscola.it\/2010\/04\/19\/il-patriarca-intervistato-in-occasione-del-pellegrinaggio-ad-assisi-con-i-ragazzi-della-diocesi-di-venezia-qui-il-video\/\" target=\"_blank\">Angelo Scola &#8211; Blog<\/a><\/p>\n","protected":false},"excerpt":{"rendered":"<p>ASSISI \u2013 Il carisma di S. Francesco e S. Chiara comunicano una vitalit\u00e0 fortissima e destano nei pi\u00f9 giovani il desiderio di infinito, perch\u00e9 i due santi di Assisi hanno nel cuore il desiderio di essere \u201cfelici\u201d, riusciti, e scoprono che solo Ges\u00f9 risponde in pieno a questo. Questo uno dei passaggi dell\u2019intervista rilasciata dal&#8230;<\/p>\n","protected":false},"author":3,"featured_media":0,"comment_status":"closed","ping_status":"closed","sticky":false,"template":"","format":"standard","meta":{"_kad_post_transparent":"","_kad_post_title":"","_kad_post_layout":"","_kad_post_sidebar_id":"","_kad_post_content_style":"","_kad_post_vertical_padding":"","_kad_post_feature":"","_kad_post_feature_position":"","_kad_post_header":false,"_kad_post_footer":false,"_kad_post_classname":"","footnotes":""},"categories":[100,118],"tags":[22,54,113],"class_list":["post-230591","post","type-post","status-publish","format-standard","hentry","category-100","category-diocesi","tag-francescani","tag-interviste","tag-video"],"_links":{"self":[{"href":"https:\/\/archivio.cercoiltuovolto.it\/index.php?rest_route=\/wp\/v2\/posts\/230591","targetHints":{"allow":["GET"]}}],"collection":[{"href":"https:\/\/archivio.cercoiltuovolto.it\/index.php?rest_route=\/wp\/v2\/posts"}],"about":[{"href":"https:\/\/archivio.cercoiltuovolto.it\/index.php?rest_route=\/wp\/v2\/types\/post"}],"author":[{"embeddable":true,"href":"https:\/\/archivio.cercoiltuovolto.it\/index.php?rest_route=\/wp\/v2\/users\/3"}],"replies":[{"embeddable":true,"href":"https:\/\/archivio.cercoiltuovolto.it\/index.php?rest_route=%2Fwp%2Fv2%2Fcomments&post=230591"}],"version-history":[{"count":0,"href":"https:\/\/archivio.cercoiltuovolto.it\/index.php?rest_route=\/wp\/v2\/posts\/230591\/revisions"}],"wp:attachment":[{"href":"https:\/\/archivio.cercoiltuovolto.it\/index.php?rest_route=%2Fwp%2Fv2%2Fmedia&parent=230591"}],"wp:term":[{"taxonomy":"category","embeddable":true,"href":"https:\/\/archivio.cercoiltuovolto.it\/index.php?rest_route=%2Fwp%2Fv2%2Fcategories&post=230591"},{"taxonomy":"post_tag","embeddable":true,"href":"https:\/\/archivio.cercoiltuovolto.it\/index.php?rest_route=%2Fwp%2Fv2%2Ftags&post=230591"}],"curies":[{"name":"wp","href":"https:\/\/api.w.org\/{rel}","templated":true}]}}