{"id":230586,"date":"2010-04-22T08:09:25","date_gmt":"2010-04-22T08:09:25","guid":{"rendered":"https:\/\/archivio.cercoiltuovolto.it\/?p=230586"},"modified":"2010-04-22T08:09:25","modified_gmt":"2010-04-22T08:09:25","slug":"riflessione-sul-vangelo-quarta-domenica-di-pasqua-c-25-aprile-2010","status":"publish","type":"post","link":"https:\/\/archivio.cercoiltuovolto.it\/?p=230586","title":{"rendered":"Riflessione sul Vangelo: Quarta Domenica di Pasqua (C) &#8211; 25 aprile 2010"},"content":{"rendered":"<p style=\"text-align: left;\">&#8220;<em>La Parola di Dio<\/em>&#8220;, canale YouTube del prolifico Don Mauro di <strong>graficapastorale.it<\/strong>, propone una riflessione sul brano del Vangelo di domenica prossima,<em><strong> Gv 10, 27-30.<\/strong><\/em><\/p>\n<p style=\"text-align: center;\">\n<blockquote style=\"text-align: left;\"><p><strong>Gv 10, 27-30<\/strong><br \/>\n Dal Vangelo secondo Giovanni<br \/>\n In quel tempo, Ges\u00f9 disse: \u00abLe mie pecore ascoltano la mia voce e io le conosco ed esse mi seguono. Io do loro la vita eterna e non andranno perdute in eterno e nessuno le strapper\u00e0 dalla mia mano. Il Padre mio, che me le ha date, \u00e8 pi\u00f9 grande di tutti e nessuno pu\u00f2 strapparle dalla mano del Padre. Io e il Padre siamo una cosa sola\u00bb.<br \/>\n C: Parola del Signore. <br \/>\n A: Lode a Te o Cristo.\u00a0<br class=\"spacer_\" \/><\/p><\/blockquote>\n<p><em>Sei un amante dei libri? <a title=\"presentazioni audio e video editoriali\" href=\"http:\/\/www.biblion.org\" target=\"_blank\">E&#8217; nato &#8220;Bibl\u00econ&#8221;<\/a><\/em>! \ud83d\ude09<\/p>\n","protected":false},"excerpt":{"rendered":"<p>&#8220;La Parola di Dio&#8220;, canale YouTube del prolifico Don Mauro di graficapastorale.it, propone una riflessione sul brano del Vangelo di domenica prossima, Gv 10, 27-30. Gv 10, 27-30 Dal Vangelo secondo Giovanni In quel tempo, Ges\u00f9 disse: \u00abLe mie pecore ascoltano la mia voce e io le conosco ed esse mi seguono. Io do loro&#8230;<\/p>\n","protected":false},"author":3,"featured_media":0,"comment_status":"closed","ping_status":"closed","sticky":false,"template":"","format":"standard","meta":{"_kad_post_transparent":"","_kad_post_title":"","_kad_post_layout":"","_kad_post_sidebar_id":"","_kad_post_content_style":"","_kad_post_vertical_padding":"","_kad_post_feature":"","_kad_post_feature_position":"","_kad_post_header":false,"_kad_post_footer":false,"_kad_post_classname":"","footnotes":""},"categories":[100,147],"tags":[192,172,113],"class_list":["post-230586","post","type-post","status-publish","format-standard","hentry","category-100","category-commento-al-vangelo","tag-pasqua","tag-vangelo-della-domenica","tag-video"],"_links":{"self":[{"href":"https:\/\/archivio.cercoiltuovolto.it\/index.php?rest_route=\/wp\/v2\/posts\/230586","targetHints":{"allow":["GET"]}}],"collection":[{"href":"https:\/\/archivio.cercoiltuovolto.it\/index.php?rest_route=\/wp\/v2\/posts"}],"about":[{"href":"https:\/\/archivio.cercoiltuovolto.it\/index.php?rest_route=\/wp\/v2\/types\/post"}],"author":[{"embeddable":true,"href":"https:\/\/archivio.cercoiltuovolto.it\/index.php?rest_route=\/wp\/v2\/users\/3"}],"replies":[{"embeddable":true,"href":"https:\/\/archivio.cercoiltuovolto.it\/index.php?rest_route=%2Fwp%2Fv2%2Fcomments&post=230586"}],"version-history":[{"count":0,"href":"https:\/\/archivio.cercoiltuovolto.it\/index.php?rest_route=\/wp\/v2\/posts\/230586\/revisions"}],"wp:attachment":[{"href":"https:\/\/archivio.cercoiltuovolto.it\/index.php?rest_route=%2Fwp%2Fv2%2Fmedia&parent=230586"}],"wp:term":[{"taxonomy":"category","embeddable":true,"href":"https:\/\/archivio.cercoiltuovolto.it\/index.php?rest_route=%2Fwp%2Fv2%2Fcategories&post=230586"},{"taxonomy":"post_tag","embeddable":true,"href":"https:\/\/archivio.cercoiltuovolto.it\/index.php?rest_route=%2Fwp%2Fv2%2Ftags&post=230586"}],"curies":[{"name":"wp","href":"https:\/\/api.w.org\/{rel}","templated":true}]}}