{"id":230580,"date":"2010-04-21T08:18:22","date_gmt":"2010-04-21T08:18:22","guid":{"rendered":"https:\/\/archivio.cercoiltuovolto.it\/?p=230580"},"modified":"2010-04-21T08:18:22","modified_gmt":"2010-04-21T08:18:22","slug":"enzo-bianchi-eucaristia-e-mistero-pasquale","status":"publish","type":"post","link":"https:\/\/archivio.cercoiltuovolto.it\/?p=230580","title":{"rendered":"Enzo Bianchi &#8211; Eucaristia e mistero pasquale"},"content":{"rendered":"<p style=\"text-align: justify;\"><a href=\"http:\/\/www.cercoiltuovolto.it\/\/wp-content\/uploads\/2010\/04\/Eucaristia-e-mistero-pasquale.jpg\"><img loading=\"lazy\" decoding=\"async\" class=\"alignright size-medium wp-image-11440\" title=\"Eucaristia e mistero pasquale\" src=\"http:\/\/www.cercoiltuovolto.it\/\/wp-content\/uploads\/2010\/04\/Eucaristia-e-mistero-pasquale-300x300.jpg\" alt=\"\" width=\"300\" height=\"300\" \/><\/a>Questo \u00e8 il primo degli incontri di primavera che fr. Enzo dedicher\u00e0 quest&#8217;anno  al tema dell&#8217;<strong>Eucaristia<\/strong>; il suo percorso sar\u00e0 articolato in <strong>tre tappe<\/strong> corrispondenti a tre incontri:<\/p>\n<ol>\n<li>Eucaristia e mistero pasquale;<\/li>\n<li>Eucaristia  ed esistenza umana;<\/li>\n<li>Eucaristia e giustizia &#8211; Eucaristia e povert\u00e0.<\/li>\n<\/ol>\n<p style=\"text-align: justify;\"><strong>Meditare l\u2019Eucaristia significa andare al cuore della nostra fede  cristiana.<\/strong> L\u2019Eucaristia \u00e8 celebrata nel giorno del Signore, il  giorno \u201cpasquale\u201d della domenica, perch\u00e9 in essa \u00e8 essenziale il  riferimento alla morte di Ges\u00f9 Cristo, alla sua resurrezione e alla sua  venuta nella gloria. L\u2019Eucaristia \u00e8 \u201cil sacramento della nostra  redenzione\u201d (Cipriano), <strong>un\u2019azione che racconta la salvezza<\/strong> che ci  viene offerta dall\u2019evento della passione e morte del Signore.<\/p>\n<p style=\"text-align: justify;\">La riflessione rilegge <strong>l\u2019Eucaristia alla luce del mistero pasquale<\/strong>,  prendendo in esame le fonti bibliche veterotestamentarie e facendo  emergere i punti di continuit\u00e0 e di rottura nella comprensione della  pasqua ebraica portati dalla fede cristiana.<\/p>\n<p style=\"text-align: justify;\"><em>In questo doppio CD \u00e8 contenuta la registrazione del primo incontro  del ciclo \u201cL\u2019Eucaristia\u201d tenuto da fr. Enzo Bianchi a Bose il 18 aprile  2010. <\/em><\/p>\n<p class=\"acquista-paragrafo\"><a href=\"http:\/\/www.monasterodibose.it\/index.php\/component\/page,shop.product_details\/flypage,shop.flypage\/product_id,921\/category_id,50\/manufacturer_id,0\/option,com_virtuemart\/Itemid,387\/lang,it\/\" target=\"_blank\">Acquista il CD sul sito del Monastero di Bose<\/a><\/p>\n","protected":false},"excerpt":{"rendered":"<p>Questo \u00e8 il primo degli incontri di primavera che fr. Enzo dedicher\u00e0 quest&#8217;anno al tema dell&#8217;Eucaristia; il suo percorso sar\u00e0 articolato in tre tappe corrispondenti a tre incontri: Eucaristia e mistero pasquale; Eucaristia ed esistenza umana; Eucaristia e giustizia &#8211; Eucaristia e povert\u00e0. Meditare l\u2019Eucaristia significa andare al cuore della nostra fede cristiana. L\u2019Eucaristia \u00e8&#8230;<\/p>\n","protected":false},"author":3,"featured_media":0,"comment_status":"closed","ping_status":"closed","sticky":false,"template":"","format":"standard","meta":{"_kad_post_transparent":"","_kad_post_title":"","_kad_post_layout":"","_kad_post_sidebar_id":"","_kad_post_content_style":"","_kad_post_vertical_padding":"","_kad_post_feature":"","_kad_post_feature_position":"","_kad_post_header":false,"_kad_post_footer":false,"_kad_post_classname":"","footnotes":""},"categories":[100,4],"tags":[260,351],"class_list":["post-230580","post","type-post","status-publish","format-standard","hentry","category-100","category-audio-cattolici","tag-cd","tag-eucaristia"],"_links":{"self":[{"href":"https:\/\/archivio.cercoiltuovolto.it\/index.php?rest_route=\/wp\/v2\/posts\/230580","targetHints":{"allow":["GET"]}}],"collection":[{"href":"https:\/\/archivio.cercoiltuovolto.it\/index.php?rest_route=\/wp\/v2\/posts"}],"about":[{"href":"https:\/\/archivio.cercoiltuovolto.it\/index.php?rest_route=\/wp\/v2\/types\/post"}],"author":[{"embeddable":true,"href":"https:\/\/archivio.cercoiltuovolto.it\/index.php?rest_route=\/wp\/v2\/users\/3"}],"replies":[{"embeddable":true,"href":"https:\/\/archivio.cercoiltuovolto.it\/index.php?rest_route=%2Fwp%2Fv2%2Fcomments&post=230580"}],"version-history":[{"count":0,"href":"https:\/\/archivio.cercoiltuovolto.it\/index.php?rest_route=\/wp\/v2\/posts\/230580\/revisions"}],"wp:attachment":[{"href":"https:\/\/archivio.cercoiltuovolto.it\/index.php?rest_route=%2Fwp%2Fv2%2Fmedia&parent=230580"}],"wp:term":[{"taxonomy":"category","embeddable":true,"href":"https:\/\/archivio.cercoiltuovolto.it\/index.php?rest_route=%2Fwp%2Fv2%2Fcategories&post=230580"},{"taxonomy":"post_tag","embeddable":true,"href":"https:\/\/archivio.cercoiltuovolto.it\/index.php?rest_route=%2Fwp%2Fv2%2Ftags&post=230580"}],"curies":[{"name":"wp","href":"https:\/\/api.w.org\/{rel}","templated":true}]}}