{"id":230569,"date":"2010-04-19T06:57:05","date_gmt":"2010-04-19T06:57:05","guid":{"rendered":"https:\/\/archivio.cercoiltuovolto.it\/?p=230569"},"modified":"2010-04-19T06:57:05","modified_gmt":"2010-04-19T06:57:05","slug":"la-bellezza-salvera-il-mondo-giovanni-fighera","status":"publish","type":"post","link":"https:\/\/archivio.cercoiltuovolto.it\/?p=230569","title":{"rendered":"&#8220;La bellezza salver\u00e0 il mondo&#8221; &#8211; Giovanni Fighera"},"content":{"rendered":"<p style=\"text-align: justify;\"><a href=\"http:\/\/www.cercoiltuovolto.it\/\/wp-content\/uploads\/2010\/04\/La-bellezza-salver\u00e0-il-mondo.jpg\"><img loading=\"lazy\" decoding=\"async\" class=\"alignleft size-medium wp-image-11404\" title=\"La bellezza salver\u00e0 il mondo\" src=\"http:\/\/www.cercoiltuovolto.it\/\/wp-content\/uploads\/2010\/04\/La-bellezza-salver\u00e0-il-mondo-185x300.jpg\" alt=\"\" width=\"185\" height=\"300\" \/><\/a>La dimensione estetica \u00e8 essenziale nella vita umana. A detta di Dostoevskij (I demoni), la bellezza \u00e8 &#8220;il vero frutto dell&#8217;umanit\u00e0 intera e, forse, il frutto pi\u00f9 alto che mai possa essere&#8221;. &#8220;Quale bellezza salver\u00e0 il mondo?&#8221;, si chiede allora lo scrittore russo nell&#8217;Idiota. Attraversando la storia dell&#8217;estetica dalla sua concezione antica, giunge alle conclusioni che furono di Charles Moeller in Saggezza greca e paradosso cristiano: la bellezza dell&#8217;arte su questa Terra \u00e8 superata dalla bellezza dei santi, quindi dell&#8217;uomo, che di Dio \u00e8 immagine. &#8220;La gloria di Dio \u00e8 l&#8217;uomo vivente&#8221;, aveva affermato prima di lui icasticamente sant&#8217;Ireneo. Il percorso del volume investe i campi artistici letterario (Iacopone, Dante, Petrarca, Tasso, Shakespeare, Manzoni, Dostoevskji, Zola, Peguy, Wilde, Ungaretti&#8230;), figurativo (Michelangelo, Raffaello e tanti altri fino a oggi) e quello filosofico (Platone, Aristotele, san Tommaso, Kant, Croce&#8230;) sorpresi sotto la luce portata dal fatto cristiano. &#8220;Presi per mano dall&#8217;autore &#8211; commenta sr. Maria Gloria Riva in Postfazione &#8211; apriamo gli occhi su quel brutto a cui ci siamo abituati e che sta diventando categoria di giudizio e veniamo pian piano istradati dentro quella via pulchritudinis che davvero rappresenta l&#8217;urgenza educativa del nostro tempo&#8221;.<\/p>\n<blockquote>\n<h3>Ascolta l&#8217;intervento del professor Fighera su Radio Vaticana (trasmissione Orizzonti Cristiani)<\/h3>\n<p>[powerpress]<\/p>\n<\/blockquote>\n<p class=\"acquista-paragrafo\"><a href=\"http:\/\/www.libreriadelsanto.it\/libri\/9788881554744\/la-bellezza-salvera-il-mondo.html?p=sot\" target=\"_blank\">Acquista il libro<\/a> su Libreria del Santo<\/p>\n","protected":false},"excerpt":{"rendered":"<p>La dimensione estetica \u00e8 essenziale nella vita umana. A detta di Dostoevskij (I demoni), la bellezza \u00e8 &#8220;il vero frutto dell&#8217;umanit\u00e0 intera e, forse, il frutto pi\u00f9 alto che mai possa essere&#8221;. &#8220;Quale bellezza salver\u00e0 il mondo?&#8221;, si chiede allora lo scrittore russo nell&#8217;Idiota. Attraversando la storia dell&#8217;estetica dalla sua concezione antica, giunge alle conclusioni&#8230;<\/p>\n","protected":false},"author":3,"featured_media":0,"comment_status":"closed","ping_status":"closed","sticky":false,"template":"","format":"standard","meta":{"_kad_post_transparent":"","_kad_post_title":"","_kad_post_layout":"","_kad_post_sidebar_id":"","_kad_post_content_style":"","_kad_post_vertical_padding":"","_kad_post_feature":"","_kad_post_feature_position":"","_kad_post_header":false,"_kad_post_footer":false,"_kad_post_classname":"","footnotes":""},"categories":[100,3],"tags":[27],"class_list":["post-230569","post","type-post","status-publish","format-standard","hentry","category-100","category-libri","tag-radio-vaticana"],"_links":{"self":[{"href":"https:\/\/archivio.cercoiltuovolto.it\/index.php?rest_route=\/wp\/v2\/posts\/230569","targetHints":{"allow":["GET"]}}],"collection":[{"href":"https:\/\/archivio.cercoiltuovolto.it\/index.php?rest_route=\/wp\/v2\/posts"}],"about":[{"href":"https:\/\/archivio.cercoiltuovolto.it\/index.php?rest_route=\/wp\/v2\/types\/post"}],"author":[{"embeddable":true,"href":"https:\/\/archivio.cercoiltuovolto.it\/index.php?rest_route=\/wp\/v2\/users\/3"}],"replies":[{"embeddable":true,"href":"https:\/\/archivio.cercoiltuovolto.it\/index.php?rest_route=%2Fwp%2Fv2%2Fcomments&post=230569"}],"version-history":[{"count":0,"href":"https:\/\/archivio.cercoiltuovolto.it\/index.php?rest_route=\/wp\/v2\/posts\/230569\/revisions"}],"wp:attachment":[{"href":"https:\/\/archivio.cercoiltuovolto.it\/index.php?rest_route=%2Fwp%2Fv2%2Fmedia&parent=230569"}],"wp:term":[{"taxonomy":"category","embeddable":true,"href":"https:\/\/archivio.cercoiltuovolto.it\/index.php?rest_route=%2Fwp%2Fv2%2Fcategories&post=230569"},{"taxonomy":"post_tag","embeddable":true,"href":"https:\/\/archivio.cercoiltuovolto.it\/index.php?rest_route=%2Fwp%2Fv2%2Ftags&post=230569"}],"curies":[{"name":"wp","href":"https:\/\/api.w.org\/{rel}","templated":true}]}}