{"id":230563,"date":"2010-04-15T16:53:33","date_gmt":"2010-04-15T16:53:33","guid":{"rendered":"https:\/\/archivio.cercoiltuovolto.it\/?p=230563"},"modified":"2010-04-15T16:53:33","modified_gmt":"2010-04-15T16:53:33","slug":"leresia-come-valore","status":"publish","type":"post","link":"https:\/\/archivio.cercoiltuovolto.it\/?p=230563","title":{"rendered":"L&#8217;eresia come valore"},"content":{"rendered":"<p style=\"text-align: justify;\"><a href=\"http:\/\/www.cercoiltuovolto.it\/\/wp-content\/uploads\/2010\/04\/Leresia-come-valore.jpg\"><img loading=\"lazy\" decoding=\"async\" class=\"alignleft size-full wp-image-11386\" title=\"L'eresia come valore\" src=\"http:\/\/www.cercoiltuovolto.it\/\/wp-content\/uploads\/2010\/04\/Leresia-come-valore.jpg\" alt=\"\" width=\"200\" height=\"295\" \/><\/a>Questo libro avvia un discorso inconsueto sull&#8217;eresia. In primo luogo una testimonianza di vita comunitaria che si tiene lontana sia dal rifiuto pregiudiziale dell&#8217;eresia che dalla sua mitizzazione. L&#8217;eresia esaminata soprattutto dal punto di vista dell&#8217;ortodossia \u00e8 stata considerata come deviazione, imperfezione, errore o pervertimento di una verit\u00e0 presuntamente assoluta. L&#8217;intento dell&#8217;autore \u00e8 andare oltre questa consuetudine, senza tuttavia ignorarla, e applicarsi all&#8217;eresia come realt\u00e0 positiva, dinamica, come forza generativa in espansione, osteggiata da un&#8217;altra forza opposta: il potere, la stabilit\u00e0, il conformismo, la gerarchia. Di questa vitalit\u00e0 dell&#8217;eresia Enzo Mazzi ci propone importanti esempi storici, diversi e lontani tra loro, quali Gioacchino Da Fiore, Giordano Bruno, Girolamo Savonarola, Ernesto Bonaiuti, Teilhard De Chardin. Per poi passare a descrivere la forza eretica dei movimenti dal basso, delle istanze di liberazione che si battono contro le logiche di potere e le impostazioni inquisitoriali che continuano a sopravvivere e anzi a riprendere forza nel mondo contemporaneo.<\/p>\n<ul>\n<li><strong>Editore<\/strong>: Manifestolibri<\/li>\n<li><strong>Collana<\/strong>: Incisioni<\/li>\n<li><strong>Anno<\/strong>: 2010<\/li>\n<li><strong>Prezzo<\/strong>: 12.75 Euro<\/li>\n<\/ul>\n<blockquote>\n<h3><a title=\"Link esterno\" href=\"http:\/\/www.rai.tv\/dl\/RaiTV\/programmi\/media\/ContentItem-d14274d9-169c-44ea-abd8-4d29160e47ad.html?p=1\" target=\"_blank\">Corrado Augias intervista don Enzo Mazzi a &#8220;<\/a><a title=\"Link esterno\" href=\"http:\/\/www.rai.tv\/dl\/RaiTV\/programmi\/media\/ContentItem-d14274d9-169c-44ea-abd8-4d29160e47ad.html?p=1\" target=\"_blank\">Le Storie &#8211; Diario Italiano<\/a><a title=\"Link esterno\" href=\"http:\/\/www.rai.tv\/dl\/RaiTV\/programmi\/media\/ContentItem-d14274d9-169c-44ea-abd8-4d29160e47ad.html?p=1\" target=\"_blank\">&#8220;<\/a>.<\/h3>\n<\/blockquote>\n<p class=\"sito-web\"><em>Fonte: Bibl\u00econ <\/em>via\u00a0<a href=\"http:\/\/pietrevive.blogspot.com\/2010\/04\/leresia-come-valore-don-enzo-mazzi.html\" target=\"_blank\"><em>Pietre Vive<\/em><\/a><\/p>\n<p class=\"acquista-paragrafo\"><a href=\"http:\/\/www.ibs.it\/code\/9788872856000\/mazzi-enzo\/valore-dell-eresia.html?shop=3462\" target=\"_blank\">Acquista il libro<\/a> su IBS<\/p>\n","protected":false},"excerpt":{"rendered":"<p>Questo libro avvia un discorso inconsueto sull&#8217;eresia. In primo luogo una testimonianza di vita comunitaria che si tiene lontana sia dal rifiuto pregiudiziale dell&#8217;eresia che dalla sua mitizzazione. L&#8217;eresia esaminata soprattutto dal punto di vista dell&#8217;ortodossia \u00e8 stata considerata come deviazione, imperfezione, errore o pervertimento di una verit\u00e0 presuntamente assoluta. L&#8217;intento dell&#8217;autore \u00e8 andare oltre&#8230;<\/p>\n","protected":false},"author":3,"featured_media":0,"comment_status":"closed","ping_status":"closed","sticky":false,"template":"","format":"standard","meta":{"_kad_post_transparent":"","_kad_post_title":"","_kad_post_layout":"","_kad_post_sidebar_id":"","_kad_post_content_style":"","_kad_post_vertical_padding":"","_kad_post_feature":"","_kad_post_feature_position":"","_kad_post_header":false,"_kad_post_footer":false,"_kad_post_classname":"","footnotes":""},"categories":[100,3],"tags":[24],"class_list":["post-230563","post","type-post","status-publish","format-standard","hentry","category-100","category-libri","tag-televisione"],"_links":{"self":[{"href":"https:\/\/archivio.cercoiltuovolto.it\/index.php?rest_route=\/wp\/v2\/posts\/230563","targetHints":{"allow":["GET"]}}],"collection":[{"href":"https:\/\/archivio.cercoiltuovolto.it\/index.php?rest_route=\/wp\/v2\/posts"}],"about":[{"href":"https:\/\/archivio.cercoiltuovolto.it\/index.php?rest_route=\/wp\/v2\/types\/post"}],"author":[{"embeddable":true,"href":"https:\/\/archivio.cercoiltuovolto.it\/index.php?rest_route=\/wp\/v2\/users\/3"}],"replies":[{"embeddable":true,"href":"https:\/\/archivio.cercoiltuovolto.it\/index.php?rest_route=%2Fwp%2Fv2%2Fcomments&post=230563"}],"version-history":[{"count":0,"href":"https:\/\/archivio.cercoiltuovolto.it\/index.php?rest_route=\/wp\/v2\/posts\/230563\/revisions"}],"wp:attachment":[{"href":"https:\/\/archivio.cercoiltuovolto.it\/index.php?rest_route=%2Fwp%2Fv2%2Fmedia&parent=230563"}],"wp:term":[{"taxonomy":"category","embeddable":true,"href":"https:\/\/archivio.cercoiltuovolto.it\/index.php?rest_route=%2Fwp%2Fv2%2Fcategories&post=230563"},{"taxonomy":"post_tag","embeddable":true,"href":"https:\/\/archivio.cercoiltuovolto.it\/index.php?rest_route=%2Fwp%2Fv2%2Ftags&post=230563"}],"curies":[{"name":"wp","href":"https:\/\/api.w.org\/{rel}","templated":true}]}}