{"id":230555,"date":"2010-04-15T06:45:40","date_gmt":"2010-04-15T06:45:40","guid":{"rendered":"https:\/\/archivio.cercoiltuovolto.it\/?p=230555"},"modified":"2010-04-15T06:45:40","modified_gmt":"2010-04-15T06:45:40","slug":"riflessione-sul-vangelo-terza-domenica-di-pasqua-c-18-aprile-2010","status":"publish","type":"post","link":"https:\/\/archivio.cercoiltuovolto.it\/?p=230555","title":{"rendered":"Riflessione sul Vangelo: Terza Domenica di Pasqua (C) &#8211; 18 aprile 2010"},"content":{"rendered":"<p style=\"text-align: left;\">&#8220;<em>La Parola di Dio<\/em>&#8220;, canale YouTube del prolifico Don Mauro di <strong>graficapastorale.it<\/strong>, propone una riflessione sul brano del Vangelo di domenica prossima,<em><strong> Gv <em>21, 1-19<\/em>.<\/strong><\/em><\/p>\n<p style=\"text-align: center;\">\n<blockquote style=\"text-align: center;\">\n<p style=\"text-align: justify;\"><strong><em>Gv 21, 1-19<\/em><br \/>\n <em>Dal Vangelo secondo\u00a0Giovanni<\/em><\/p>\n<p> <span style=\"font-weight: normal;\">In quel tempo, Ges\u00f9 si manifest\u00f2 di nuovo ai discepoli sul mare di Tiber\u00ecade. E si manifest\u00f2 cos\u00ec: si trovavano insieme Simon Pietro, Tommaso detto D\u00ecdimo, Natana\u00e8le di Cana di Galilea, i figli di Zebed\u00e8o e altri due discepoli. Disse loro Simon Pietro: \u00abIo vado a pescare\u00bb. Gli dissero: \u00abVeniamo anche noi con te\u00bb. Allora uscirono e salirono sulla barca; ma quella notte non presero nulla.<br \/>\n Quando gi\u00e0 era l\u2019alba, Ges\u00f9 stette sulla riva, ma i discepoli non si erano accorti che era Ges\u00f9. Ges\u00f9 disse loro: \u00abFiglioli, non avete nulla da mangiare?\u00bb. Gli risposero: \u00abNo\u00bb. Allora egli disse loro: \u00abGettate la rete dalla parte destra della barca e troverete\u00bb. La gettarono e non riuscivano pi\u00f9 a tirarla su per la grande quantit\u00e0 di pesci. Allora quel discepolo che Ges\u00f9 amava disse a Pietro: \u00ab\u00c8 il Signore!\u00bb. Simon Pietro, appena ud\u00ec che era il Signore, si strinse la veste attorno ai fianchi, perch\u00e9 era svestito, e si gett\u00f2 in mare. Gli altri discepoli invece vennero con la barca, trascinando la rete piena di pesci: non erano infatti lontani da terra se non un centinaio di metri.<br \/>\n Appena scesi a terra, videro un fuoco di brace con del pesce sopra, e del pane. Disse loro Ges\u00f9: \u00abPortate un po\u2019 del pesce che avete preso ora\u00bb. Allora Simon Pietro sal\u00ec nella barca e trasse a terra la rete piena di centocinquantatr\u00e9 grossi pesci. E bench\u00e9 fossero tanti, la rete non si squarci\u00f2. Ges\u00f9 disse loro: \u00abVenite a mangiare\u00bb. E nessuno dei discepoli osava domandargli: \u00abChi sei?\u00bb, perch\u00e9 sapevano bene che era il Signore. Ges\u00f9 si avvicin\u00f2, prese il pane e lo diede loro, e cos\u00ec pure il pesce. Era la terza volta che Ges\u00f9 si manifestava ai discepoli, dopo essere risorto dai morti.<br \/>\n Quand\u2019ebbero mangiato, Ges\u00f9 disse a Simon Pietro: \u00abSimone, figlio di Giovanni, mi ami pi\u00f9 di costoro?\u00bb. Gli rispose: \u00abCerto, Signore, tu lo sai che ti voglio bene\u00bb. Gli disse: \u00abPasci i miei agnelli\u00bb. Gli disse di nuovo, per la seconda volta: \u00abSimone, figlio di Giovanni, mi ami?\u00bb. Gli rispose: \u00abCerto, Signore, tu lo sai che ti voglio bene\u00bb. Gli disse: \u00abPascola le mie pecore\u00bb. Gli disse per la terza volta: \u00abSimone, figlio di Giovanni, mi vuoi bene?\u00bb. Pietro rimase addolorato che per la terza volta gli domandasse: \u00abMi vuoi bene?\u00bb, e gli disse: \u00abSignore, tu conosci tutto; tu sai che ti voglio bene\u00bb. Gli rispose Ges\u00f9: \u00abPasci le mie pecore. In verit\u00e0, in verit\u00e0 io ti dico: quando eri pi\u00f9 giovane ti vestivi da solo e andavi dove volevi; ma quando sarai vecchio tenderai le tue mani, e un altro ti vestir\u00e0 e ti porter\u00e0 dove tu non vuoi\u00bb. Questo disse per indicare con quale morte egli avrebbe glorificato Dio. E, detto questo, aggiunse: \u00abSeguimi\u00bb.<\/p>\n<p> C: Parola del Signore.<br \/>\n A: Lode a Te o Cristo.<\/span><\/strong><\/p>\n<\/blockquote>\n<p><br class=\"spacer_\" \/><\/p>\n<p><em>Sei un amante dei libri? <a title=\"presentazioni audio e video editoriali\" href=\"http:\/\/www.biblion.org\" target=\"_blank\">E&#8217; nato &#8220;Bibl\u00econ&#8221;<\/a><\/em>! \ud83d\ude09<\/p>\n","protected":false},"excerpt":{"rendered":"<p>&#8220;La Parola di Dio&#8220;, canale YouTube del prolifico Don Mauro di graficapastorale.it, propone una riflessione sul brano del Vangelo di domenica prossima, Gv 21, 1-19. Gv 21, 1-19 Dal Vangelo secondo\u00a0Giovanni In quel tempo, Ges\u00f9 si manifest\u00f2 di nuovo ai discepoli sul mare di Tiber\u00ecade. E si manifest\u00f2 cos\u00ec: si trovavano insieme Simon Pietro, Tommaso&#8230;<\/p>\n","protected":false},"author":3,"featured_media":0,"comment_status":"closed","ping_status":"closed","sticky":false,"template":"","format":"standard","meta":{"_kad_post_transparent":"","_kad_post_title":"","_kad_post_layout":"","_kad_post_sidebar_id":"","_kad_post_content_style":"","_kad_post_vertical_padding":"","_kad_post_feature":"","_kad_post_feature_position":"","_kad_post_header":false,"_kad_post_footer":false,"_kad_post_classname":"","footnotes":""},"categories":[100,147],"tags":[192,172,113],"class_list":["post-230555","post","type-post","status-publish","format-standard","hentry","category-100","category-commento-al-vangelo","tag-pasqua","tag-vangelo-della-domenica","tag-video"],"_links":{"self":[{"href":"https:\/\/archivio.cercoiltuovolto.it\/index.php?rest_route=\/wp\/v2\/posts\/230555","targetHints":{"allow":["GET"]}}],"collection":[{"href":"https:\/\/archivio.cercoiltuovolto.it\/index.php?rest_route=\/wp\/v2\/posts"}],"about":[{"href":"https:\/\/archivio.cercoiltuovolto.it\/index.php?rest_route=\/wp\/v2\/types\/post"}],"author":[{"embeddable":true,"href":"https:\/\/archivio.cercoiltuovolto.it\/index.php?rest_route=\/wp\/v2\/users\/3"}],"replies":[{"embeddable":true,"href":"https:\/\/archivio.cercoiltuovolto.it\/index.php?rest_route=%2Fwp%2Fv2%2Fcomments&post=230555"}],"version-history":[{"count":0,"href":"https:\/\/archivio.cercoiltuovolto.it\/index.php?rest_route=\/wp\/v2\/posts\/230555\/revisions"}],"wp:attachment":[{"href":"https:\/\/archivio.cercoiltuovolto.it\/index.php?rest_route=%2Fwp%2Fv2%2Fmedia&parent=230555"}],"wp:term":[{"taxonomy":"category","embeddable":true,"href":"https:\/\/archivio.cercoiltuovolto.it\/index.php?rest_route=%2Fwp%2Fv2%2Fcategories&post=230555"},{"taxonomy":"post_tag","embeddable":true,"href":"https:\/\/archivio.cercoiltuovolto.it\/index.php?rest_route=%2Fwp%2Fv2%2Ftags&post=230555"}],"curies":[{"name":"wp","href":"https:\/\/api.w.org\/{rel}","templated":true}]}}