{"id":230536,"date":"2010-04-11T13:24:08","date_gmt":"2010-04-11T13:24:08","guid":{"rendered":"https:\/\/archivio.cercoiltuovolto.it\/?p=230536"},"modified":"2010-04-11T13:24:08","modified_gmt":"2010-04-11T13:24:08","slug":"parole-del-santo-padre-e-preghiera-del-regina-coeli-del-11-aprile-2010-in-mp3","status":"publish","type":"post","link":"https:\/\/archivio.cercoiltuovolto.it\/?p=230536","title":{"rendered":"Parole del Santo Padre e Preghiera del Regina Coeli  del 11 aprile 2010 in mp3"},"content":{"rendered":"<p style=\"text-align: justify;\">Cari fratelli e sorelle!<br \/>\n Nella luce della Pasqua \u2013 che celebriamo in tutta questa Settimana \u2013 rinnovo il mio pi\u00f9 cordiale augurio di pace e di gioia. Come sapete, il luned\u00ec dopo la Domenica di Risurrezione \u00e8 detto tradizionalmente \u201cLuned\u00ec dell\u2019Angelo\u201d. E\u2019 molto interessante approfondire questo riferimento all\u2019\u201cAngelo\u201d. Naturalmente il pensiero va subito ai racconti evangelici della risurrezione di Ges\u00f9, nei quali compare la figura di un messaggero del Signore. San Matteo scrive: \u201cEd ecco vi fu un gran terremoto. Un angelo del Signore, infatti, sceso dal cielo, si avvicin\u00f2, rotol\u00f2 la pietra e si pose a sedere su di essa. Il suo aspetto era come la folgore e il suo vestito bianco come neve\u201d (Mt 28,2-3). Tutti gli Evangelisti, poi, precisano che, quando le donne si recarono al sepolcro e lo trovarono aperto e vuoto, fu un angelo ad annunciare loro che Ges\u00f9 era risorto. In Matteo questo messaggero del Signore dice loro: \u201cVoi non abbiate paura! So che cercate Ges\u00f9, il crocifisso. Non \u00e8 qui. E\u2019 risorto, infatti, come aveva detto\u201d (Mt 28,5-6); quindi mostra la tomba vuota e le incarica di portare l\u2019annuncio ai discepoli. In Marco l\u2019angelo \u00e8 descritto come \u201cun giovane, vestito di una veste bianca\u201d, che d\u00e0 alle donne l\u2019identico messaggio (cfr Mc 16,5-6). Luca parla di \u201cdue uomini in abito sfolgorante\u201d, che ricordano alle donne come Ges\u00f9 avesse preannunciato molto prima la sua morte e risurrezione (cfr Lc 24,4-7). Anche San Giovanni parla di \u201cdue angeli in bianche vesti\u201d; \u00e8 Maria di Magdala a vederli, mentre piange vicino al sepolcro, e le dicono: \u201cDonna, perch\u00e9 piangi?\u201d (Gv 20,11-13).<br \/>\n [<a href=\"http:\/\/www.vatican.va\/holy_father\/benedict_xvi\/angelus\/2010\/documents\/hf_ben-xvi_reg_20100405_easter-monday_it.html\" target=\"_blank\">Leggi tutto il messaggio<\/a>] <em>\u00a9 Copyright 2010 &#8211; Libreria  Editrice Vaticana<\/em><\/p>\n<div class=\"powerpressbox\">[powerpress]<\/div>\n<p class=\"lampadina\"><a href=\"http:\/\/vod.vatican.va\/regina05042010.mov\" target=\"_blank\">Link al video ufficiale<\/a> (richiede Apple Quick Time)<\/p>\n<p style=\"text-align: justify;\"><img loading=\"lazy\" decoding=\"async\" style=\"vertical-align: middle; border: 0px none currentColor;\" title=\"Link\" src=\"http:\/\/www.cercoiltuovolto.it\/\/images\/web.png\" alt=\"Link\" width=\"24\" height=\"24\" \/> <strong>Fonte<\/strong>: Radio Vaticana via FeedRss | <strong>Fotografia<\/strong>: <a href=\"https:\/\/www.photo.va\/\" target=\"_blank\">Osservatore Romano<br \/>\n <\/a><span style=\"font-size: xx-small;\"><em>(The content of this podcast is copyrighted by Vatican Radio which, according to  its statute, is entrusted to manage and protect the sound recordings of the  Roman Pontiff, ensuring that their pastoral character and intellectual  property&#8217;s rights are protected when used by third parties. The content of this  podcast is made available only for personal and private use and cannot be  exploited for commercial purposes, without prior written authorization by  Vatican Radio. For further information, please contact the International  Relation Office at relint@vatiradio.va)<\/em><\/span><\/p>\n","protected":false},"excerpt":{"rendered":"<p>Cari fratelli e sorelle! Nella luce della Pasqua \u2013 che celebriamo in tutta questa Settimana \u2013 rinnovo il mio pi\u00f9 cordiale augurio di pace e di gioia. Come sapete, il luned\u00ec dopo la Domenica di Risurrezione \u00e8 detto tradizionalmente \u201cLuned\u00ec dell\u2019Angelo\u201d. E\u2019 molto interessante approfondire questo riferimento all\u2019\u201cAngelo\u201d. Naturalmente il pensiero va subito ai racconti&#8230;<\/p>\n","protected":false},"author":3,"featured_media":0,"comment_status":"closed","ping_status":"closed","sticky":false,"template":"","format":"standard","meta":{"_kad_post_transparent":"","_kad_post_title":"","_kad_post_layout":"","_kad_post_sidebar_id":"","_kad_post_content_style":"","_kad_post_vertical_padding":"","_kad_post_feature":"","_kad_post_feature_position":"","_kad_post_header":false,"_kad_post_footer":false,"_kad_post_classname":"","footnotes":""},"categories":[100,114],"tags":[115,73],"class_list":["post-230536","post","type-post","status-publish","format-standard","hentry","category-100","category-angelus","tag-audio","tag-benedetto-xvi"],"_links":{"self":[{"href":"https:\/\/archivio.cercoiltuovolto.it\/index.php?rest_route=\/wp\/v2\/posts\/230536","targetHints":{"allow":["GET"]}}],"collection":[{"href":"https:\/\/archivio.cercoiltuovolto.it\/index.php?rest_route=\/wp\/v2\/posts"}],"about":[{"href":"https:\/\/archivio.cercoiltuovolto.it\/index.php?rest_route=\/wp\/v2\/types\/post"}],"author":[{"embeddable":true,"href":"https:\/\/archivio.cercoiltuovolto.it\/index.php?rest_route=\/wp\/v2\/users\/3"}],"replies":[{"embeddable":true,"href":"https:\/\/archivio.cercoiltuovolto.it\/index.php?rest_route=%2Fwp%2Fv2%2Fcomments&post=230536"}],"version-history":[{"count":0,"href":"https:\/\/archivio.cercoiltuovolto.it\/index.php?rest_route=\/wp\/v2\/posts\/230536\/revisions"}],"wp:attachment":[{"href":"https:\/\/archivio.cercoiltuovolto.it\/index.php?rest_route=%2Fwp%2Fv2%2Fmedia&parent=230536"}],"wp:term":[{"taxonomy":"category","embeddable":true,"href":"https:\/\/archivio.cercoiltuovolto.it\/index.php?rest_route=%2Fwp%2Fv2%2Fcategories&post=230536"},{"taxonomy":"post_tag","embeddable":true,"href":"https:\/\/archivio.cercoiltuovolto.it\/index.php?rest_route=%2Fwp%2Fv2%2Ftags&post=230536"}],"curies":[{"name":"wp","href":"https:\/\/api.w.org\/{rel}","templated":true}]}}