{"id":230503,"date":"2010-04-07T06:26:49","date_gmt":"2010-04-07T06:26:49","guid":{"rendered":"https:\/\/archivio.cercoiltuovolto.it\/?p=230503"},"modified":"2010-04-07T06:26:49","modified_gmt":"2010-04-07T06:26:49","slug":"padre-tomas-tyn-op-lezioni-sulleucarestia-del-novembre-1986","status":"publish","type":"post","link":"https:\/\/archivio.cercoiltuovolto.it\/?p=230503","title":{"rendered":"Padre Tomas Tyn, OP &#8211; Lezioni sull&#8217;Eucarestia del novembre 1986"},"content":{"rendered":"<p style=\"text-align: justify;\"><a href=\"http:\/\/www.cercoiltuovolto.it\/\/wp-content\/uploads\/2010\/04\/padre-tyn.jpg\"><img loading=\"lazy\" decoding=\"async\" class=\"alignleft size-full wp-image-11205\" title=\"padre-tyn\" src=\"http:\/\/www.cercoiltuovolto.it\/\/wp-content\/uploads\/2010\/04\/padre-tyn.jpg\" alt=\"\" width=\"250\" height=\"189\" \/><\/a>Conferenza del 17 novembre 1986 di Padre Tomas Tyn<\/p>\n<p style=\"text-align: justify;\"><strong>Il sacramento dell&#8217;Eucaristia<\/strong><\/p>\n<p style=\"text-align: justify;\">&#8230; L&#8217;Onnipotente1 si \u00e8 compiaciuto di dispensare all&#8217;uomo i mezzi sicuri della sua salvezza, i mezzi con cui ci comunica la sua santa grazia: sono appunto i sacramenti e tra questi sacramenti il pi\u00f9 alto e il pi\u00f9 grande \u00e8 il sacramento della divina Eucaristia. Dico divina Eucaristia perch\u00e9 \u00e8 un sacramento non solamente fondato e istituito da nostro Signore e Salvatore Ges\u00f9 Cristo con la sua autorit\u00e0 non gi\u00e0 umana, ma divina, ma \u00e8 anche un sacramento che contiene in s\u00e9 il Cristo nella sua presenza reale e sostanziale, Cristo vero Dio e vero uomo, Christus totus, come dir\u00e0 Sant&#8217;Agostino, tutto il Cristo con la sua divinit\u00e0, la sua umanit\u00e0, il suo corpo, il suo sangue, la sua anima, la sua umanit\u00e0 tutta intera.<\/p>\n<p style=\"text-align: justify;\">Vedete quindi che il Christus totus \u00e8 realmente, obiettivamente contenuto e presente nel sacramento dell&#8217;Eucaristia. Perci\u00f2 questo sacramento, che \u00e8 il pi\u00f9 grande tra tutti gli altri dovrebbe essere trattato appunto a tappe differenziate. Io vi ho proposto questo schema, cio\u00e8 anzitutto trattare dell&#8217;Eucaristia sotto l&#8217;aspetto della sua sacramentalit\u00e0.<\/p>\n<p style=\"text-align: justify;\"><strong>Il testo completo <a href=\"http:\/\/it.gloria.tv\/?media=63946\" target=\"_blank\">si trova qui<\/a>.<\/strong><\/p>\n<p style=\"text-align: justify;\">Sono inoltre disponibili<strong> i file in mp3<\/strong> (liberamente scaricabili) delle lezioni di p. Tyn:<\/p>\n<ul>\n<li style=\"text-align: justify;\"><a href=\"http:\/\/it.gloria.tv\/?media=63945\" target=\"_blank\">P.Tomas Tyn OP &#8211; Conferenza sull&#8217;Eucarestia<\/a><\/li>\n<li style=\"text-align: justify;\"><a href=\"http:\/\/it.gloria.tv\/?media=64369\" target=\"_blank\">P.Tomas Tyn OP &#8211; II Conferenza sull&#8217;Eucarestia<\/a><\/li>\n<li style=\"text-align: justify;\"><a href=\"http:\/\/it.gloria.tv\/?media=64376\" target=\"_blank\">P.Tomas Tyn OP &#8211; IIIConferenza sull&#8217;Eucarestia<\/a><\/li>\n<li style=\"text-align: justify;\"><a href=\"http:\/\/it.gloria.tv\/?media=64375\" target=\"_blank\">P.Tomas Tyn OP &#8211; IV Conferenza sull&#8217;Eucarestia<\/a><\/li>\n<\/ul>\n<p style=\"text-align: center;\">\n","protected":false},"excerpt":{"rendered":"<p>Conferenza del 17 novembre 1986 di Padre Tomas Tyn Il sacramento dell&#8217;Eucaristia &#8230; L&#8217;Onnipotente1 si \u00e8 compiaciuto di dispensare all&#8217;uomo i mezzi sicuri della sua salvezza, i mezzi con cui ci comunica la sua santa grazia: sono appunto i sacramenti e tra questi sacramenti il pi\u00f9 alto e il pi\u00f9 grande \u00e8 il sacramento della&#8230;<\/p>\n","protected":false},"author":3,"featured_media":0,"comment_status":"closed","ping_status":"closed","sticky":false,"template":"","format":"standard","meta":{"_kad_post_transparent":"","_kad_post_title":"","_kad_post_layout":"","_kad_post_sidebar_id":"","_kad_post_content_style":"","_kad_post_vertical_padding":"","_kad_post_feature":"","_kad_post_feature_position":"","_kad_post_header":false,"_kad_post_footer":false,"_kad_post_classname":"","footnotes":""},"categories":[100,4],"tags":[57,344],"class_list":["post-230503","post","type-post","status-publish","format-standard","hentry","category-100","category-audio-cattolici","tag-conferenze","tag-eucarestia"],"_links":{"self":[{"href":"https:\/\/archivio.cercoiltuovolto.it\/index.php?rest_route=\/wp\/v2\/posts\/230503","targetHints":{"allow":["GET"]}}],"collection":[{"href":"https:\/\/archivio.cercoiltuovolto.it\/index.php?rest_route=\/wp\/v2\/posts"}],"about":[{"href":"https:\/\/archivio.cercoiltuovolto.it\/index.php?rest_route=\/wp\/v2\/types\/post"}],"author":[{"embeddable":true,"href":"https:\/\/archivio.cercoiltuovolto.it\/index.php?rest_route=\/wp\/v2\/users\/3"}],"replies":[{"embeddable":true,"href":"https:\/\/archivio.cercoiltuovolto.it\/index.php?rest_route=%2Fwp%2Fv2%2Fcomments&post=230503"}],"version-history":[{"count":0,"href":"https:\/\/archivio.cercoiltuovolto.it\/index.php?rest_route=\/wp\/v2\/posts\/230503\/revisions"}],"wp:attachment":[{"href":"https:\/\/archivio.cercoiltuovolto.it\/index.php?rest_route=%2Fwp%2Fv2%2Fmedia&parent=230503"}],"wp:term":[{"taxonomy":"category","embeddable":true,"href":"https:\/\/archivio.cercoiltuovolto.it\/index.php?rest_route=%2Fwp%2Fv2%2Fcategories&post=230503"},{"taxonomy":"post_tag","embeddable":true,"href":"https:\/\/archivio.cercoiltuovolto.it\/index.php?rest_route=%2Fwp%2Fv2%2Ftags&post=230503"}],"curies":[{"name":"wp","href":"https:\/\/api.w.org\/{rel}","templated":true}]}}