{"id":230489,"date":"2010-04-02T18:15:54","date_gmt":"2010-04-02T18:15:54","guid":{"rendered":"https:\/\/archivio.cercoiltuovolto.it\/?p=230489"},"modified":"2010-04-02T18:15:54","modified_gmt":"2010-04-02T18:15:54","slug":"domande-su-gesu-il-volto-il-corpo-la-passione","status":"publish","type":"post","link":"https:\/\/archivio.cercoiltuovolto.it\/?p=230489","title":{"rendered":"Domande su Ges\u00f9: il Volto, il Corpo, La Passione."},"content":{"rendered":"<p style=\"text-align: center;\"><a href=\"http:\/\/www.cercoiltuovolto.it\/\/wp-content\/uploads\/2010\/04\/domande-vangelo.jpg\"><img loading=\"lazy\" decoding=\"async\" class=\"alignnone size-full wp-image-11172\" title=\"domande-vangelo\" src=\"http:\/\/www.cercoiltuovolto.it\/\/wp-content\/uploads\/2010\/04\/domande-vangelo.jpg\" alt=\"\" width=\"525\" height=\"486\" \/><\/a><\/p>\n<blockquote>\n<p style=\"text-align: justify;\">Com\u2019\u00e8 morto esattamente? Che significato ha la sua morte? Perch\u00e9 \u00e8 avvenuta tra sofferenze atroci? Accanto a queste domande, le domande dei telespettatori, sar\u00e0 attivo un numero di telefono e a tutti si cercher\u00e0 di rispondere in diretta.<\/p>\n<p style=\"text-align: justify;\">Il Corpo, il Volto di Ges\u00f9 nell\u2019arte, le ferite dell\u2019Uomo della Sindone, le storie di chi \u00e8 passato per una passione, la sua. Rosario Carello affronter\u00e0 questi temi in studio con vari ospiti: il biblista Padre Paolo Garuti, il prof. Pierluigi Baima Bollone, medico legale ed esperto di Sindone, don Antonio Mazzi e Timothy Verdon, esperto d\u2019arte.<\/p>\n<\/blockquote><\/p>\n","protected":false},"excerpt":{"rendered":"<p>Com\u2019\u00e8 morto esattamente? Che significato ha la sua morte? Perch\u00e9 \u00e8 avvenuta tra sofferenze atroci? Accanto a queste domande, le domande dei telespettatori, sar\u00e0 attivo un numero di telefono e a tutti si cercher\u00e0 di rispondere in diretta. Il Corpo, il Volto di Ges\u00f9 nell\u2019arte, le ferite dell\u2019Uomo della Sindone, le storie di chi \u00e8&#8230;<\/p>\n","protected":false},"author":3,"featured_media":0,"comment_status":"closed","ping_status":"closed","sticky":false,"template":"","format":"standard","meta":{"_kad_post_transparent":"","_kad_post_title":"","_kad_post_layout":"","_kad_post_sidebar_id":"","_kad_post_content_style":"","_kad_post_vertical_padding":"","_kad_post_feature":"","_kad_post_feature_position":"","_kad_post_header":false,"_kad_post_footer":false,"_kad_post_classname":"","footnotes":""},"categories":[100,143],"tags":[24,113],"class_list":["post-230489","post","type-post","status-publish","format-standard","hentry","category-100","category-gesu","tag-televisione","tag-video"],"_links":{"self":[{"href":"https:\/\/archivio.cercoiltuovolto.it\/index.php?rest_route=\/wp\/v2\/posts\/230489","targetHints":{"allow":["GET"]}}],"collection":[{"href":"https:\/\/archivio.cercoiltuovolto.it\/index.php?rest_route=\/wp\/v2\/posts"}],"about":[{"href":"https:\/\/archivio.cercoiltuovolto.it\/index.php?rest_route=\/wp\/v2\/types\/post"}],"author":[{"embeddable":true,"href":"https:\/\/archivio.cercoiltuovolto.it\/index.php?rest_route=\/wp\/v2\/users\/3"}],"replies":[{"embeddable":true,"href":"https:\/\/archivio.cercoiltuovolto.it\/index.php?rest_route=%2Fwp%2Fv2%2Fcomments&post=230489"}],"version-history":[{"count":0,"href":"https:\/\/archivio.cercoiltuovolto.it\/index.php?rest_route=\/wp\/v2\/posts\/230489\/revisions"}],"wp:attachment":[{"href":"https:\/\/archivio.cercoiltuovolto.it\/index.php?rest_route=%2Fwp%2Fv2%2Fmedia&parent=230489"}],"wp:term":[{"taxonomy":"category","embeddable":true,"href":"https:\/\/archivio.cercoiltuovolto.it\/index.php?rest_route=%2Fwp%2Fv2%2Fcategories&post=230489"},{"taxonomy":"post_tag","embeddable":true,"href":"https:\/\/archivio.cercoiltuovolto.it\/index.php?rest_route=%2Fwp%2Fv2%2Ftags&post=230489"}],"curies":[{"name":"wp","href":"https:\/\/api.w.org\/{rel}","templated":true}]}}