{"id":230487,"date":"2010-04-02T15:02:41","date_gmt":"2010-04-02T15:02:41","guid":{"rendered":"https:\/\/archivio.cercoiltuovolto.it\/?p=230487"},"modified":"2010-04-02T15:02:41","modified_gmt":"2010-04-02T15:02:41","slug":"santa-messa-nella-cena-del-signore-omelia-del-santo-padre-benedetto-xvi-in-mp3-1-aprile-2010","status":"publish","type":"post","link":"https:\/\/archivio.cercoiltuovolto.it\/?p=230487","title":{"rendered":"Santa Messa nella Cena del Signore, Omelia del Santo Padre Benedetto XVI in mp3 &#8211; 1 aprile 2010"},"content":{"rendered":"<p style=\"text-align: justify;\"><em><a href=\"http:\/\/www.cercoiltuovolto.it\/\/wp-content\/uploads\/2010\/04\/SS-Benedetto-XVI-Messa-in-Cena-Domini-Basilica-di-San-Giovanni-in-Laterano-01-04-2010.jpg\"><img loading=\"lazy\" decoding=\"async\" class=\"alignleft size-medium wp-image-11166\" title=\"SS Benedetto XVI - Messa in Cena Domini , Basilica di San Giovanni in Laterano - 01-04-2010\" src=\"http:\/\/www.cercoiltuovolto.it\/\/wp-content\/uploads\/2010\/04\/SS-Benedetto-XVI-Messa-in-Cena-Domini-Basilica-di-San-Giovanni-in-Laterano-01-04-2010-300x200.jpg\" alt=\"\" width=\"300\" height=\"200\" \/><\/a>Cari fratelli e sorelle,<br \/>\n<\/em>In modo pi\u00f9 ampio degli altri tre evangelisti, san Giovanni, nella maniera a lui propria, ci riferisce nel suo Vangelo circa i discorsi d\u2019addio di Ges\u00f9, che appaiono quasi come il suo testamento e come sintesi del nucleo essenziale del suo messaggio. All\u2019inizio di tali discorsi c\u2019\u00e8 la lavanda dei piedi, in cui il servizio redentore di Ges\u00f9 per l\u2019umanit\u00e0 bisognosa di purificazione \u00e8 riassunto in un gesto di umilt\u00e0. Alla fine, le parole di Ges\u00f9 si trasformano in preghiera, nella sua Preghiera sacerdotale, il cui sfondo gli esegeti hanno individuato nel rituale della festa giudaica dell\u2019espiazione. Ci\u00f2 che era il senso di quella festa e dei suoi riti \u2013 la purificazione del mondo, la sua riconciliazione con Dio \u2013 avviene nell\u2019atto del pregare di Ges\u00f9, un pregare che, al tempo stesso, anticipa la Passione, la trasforma in preghiera. Cos\u00ec nella Preghiera sacerdotale si rende visibile in una maniera del tutto particolare anche il mistero permanente del Gioved\u00ec Santo: il nuovo sacerdozio di Ges\u00f9 Cristo e la sua continuazione nella consacrazione degli Apostoli, nel coinvolgimento dei discepoli nel sacerdozio del Signore. Da questo testo inesauribile, in quest\u2019ora vorrei scegliere tre parole di Ges\u00f9, che possono introdurci pi\u00f9 profondamente nel mistero del Gioved\u00ec Santo.<\/p>\n<p style=\"text-align: justify;\">[<a href=\"http:\/\/www.vatican.va\/holy_father\/benedict_xvi\/homilies\/2010\/documents\/hf_ben-xvi_hom_20100401_coena-domini_it.html\" target=\"_blank\">Leggi tutto il messaggio<\/a>]\u00a0<em>\u00a9 Copyright 2010 &#8211; Libreria  Editrice Vaticana<\/em><\/p>\n<div class=\"powerpressbox\">[powerpress]<\/div>\n<p style=\"text-align: justify;\"><img loading=\"lazy\" decoding=\"async\" style=\"vertical-align: middle; border: 0px none currentColor;\" title=\"Link\" src=\"http:\/\/www.cercoiltuovolto.it\/\/images\/web.png\" alt=\"Link\" width=\"24\" height=\"24\" \/> <strong>Fonte<\/strong>: Radio Vaticana via FeedRss | <strong>Fotografia<\/strong>: <a href=\"https:\/\/www.photo.va\/\" target=\"_blank\">Osservatore Romano<br \/>\n <\/a><span style=\"font-size: xx-small;\"><em>(The content of this podcast is copyrighted by Vatican Radio which, according to  its statute, is entrusted to manage and protect the sound recordings of the  Roman Pontiff, ensuring that their pastoral character and intellectual  property&#8217;s rights are protected when used by third parties. The content of this  podcast is made available only for personal and private use and cannot be  exploited for commercial purposes, without prior written authorization by  Vatican Radio. For further information, please contact the International  Relation Office at relint@vatiradio.va)<\/em><\/span><\/p>\n","protected":false},"excerpt":{"rendered":"<p>Cari fratelli e sorelle, In modo pi\u00f9 ampio degli altri tre evangelisti, san Giovanni, nella maniera a lui propria, ci riferisce nel suo Vangelo circa i discorsi d\u2019addio di Ges\u00f9, che appaiono quasi come il suo testamento e come sintesi del nucleo essenziale del suo messaggio. All\u2019inizio di tali discorsi c\u2019\u00e8 la lavanda dei piedi,&#8230;<\/p>\n","protected":false},"author":3,"featured_media":0,"comment_status":"closed","ping_status":"closed","sticky":false,"template":"","format":"standard","meta":{"_kad_post_transparent":"","_kad_post_title":"","_kad_post_layout":"","_kad_post_sidebar_id":"","_kad_post_content_style":"","_kad_post_vertical_padding":"","_kad_post_feature":"","_kad_post_feature_position":"","_kad_post_header":false,"_kad_post_footer":false,"_kad_post_classname":"","footnotes":""},"categories":[100,4],"tags":[73,29],"class_list":["post-230487","post","type-post","status-publish","format-standard","hentry","category-100","category-audio-cattolici","tag-benedetto-xvi","tag-omelie"],"_links":{"self":[{"href":"https:\/\/archivio.cercoiltuovolto.it\/index.php?rest_route=\/wp\/v2\/posts\/230487","targetHints":{"allow":["GET"]}}],"collection":[{"href":"https:\/\/archivio.cercoiltuovolto.it\/index.php?rest_route=\/wp\/v2\/posts"}],"about":[{"href":"https:\/\/archivio.cercoiltuovolto.it\/index.php?rest_route=\/wp\/v2\/types\/post"}],"author":[{"embeddable":true,"href":"https:\/\/archivio.cercoiltuovolto.it\/index.php?rest_route=\/wp\/v2\/users\/3"}],"replies":[{"embeddable":true,"href":"https:\/\/archivio.cercoiltuovolto.it\/index.php?rest_route=%2Fwp%2Fv2%2Fcomments&post=230487"}],"version-history":[{"count":0,"href":"https:\/\/archivio.cercoiltuovolto.it\/index.php?rest_route=\/wp\/v2\/posts\/230487\/revisions"}],"wp:attachment":[{"href":"https:\/\/archivio.cercoiltuovolto.it\/index.php?rest_route=%2Fwp%2Fv2%2Fmedia&parent=230487"}],"wp:term":[{"taxonomy":"category","embeddable":true,"href":"https:\/\/archivio.cercoiltuovolto.it\/index.php?rest_route=%2Fwp%2Fv2%2Fcategories&post=230487"},{"taxonomy":"post_tag","embeddable":true,"href":"https:\/\/archivio.cercoiltuovolto.it\/index.php?rest_route=%2Fwp%2Fv2%2Ftags&post=230487"}],"curies":[{"name":"wp","href":"https:\/\/api.w.org\/{rel}","templated":true}]}}