{"id":229863,"date":"2010-03-28T22:53:37","date_gmt":"2010-03-28T22:53:37","guid":{"rendered":"https:\/\/archivio.cercoiltuovolto.it\/?p=229863"},"modified":"2026-07-03T12:11:11","modified_gmt":"2026-07-03T12:11:11","slug":"angelus-del-28-aprile-2010-in-mp3-domenica-delle-palme","status":"publish","type":"post","link":"https:\/\/archivio.cercoiltuovolto.it\/?p=229863","title":{"rendered":"Angelus del 28 aprile 2010 in mp3 &#8211; Domenica delle Palme"},"content":{"rendered":"<blockquote>\n<p style=\"text-align: justify;\"><a href=\"http:\/\/www.cercoiltuovolto.it\/\/wp-content\/uploads\/2010\/03\/SS-Benedetto-XVI-Piazza-San-Pietro.jpg\"><img loading=\"lazy\" decoding=\"async\" class=\"alignleft size-medium wp-image-11084\" title=\"SS Benedetto XVI - Piazza San Pietro\" src=\"http:\/\/www.cercoiltuovolto.it\/\/wp-content\/uploads\/2010\/03\/SS-Benedetto-XVI-Piazza-San-Pietro-300x200.jpg\" alt=\"\" width=\"300\" height=\"200\" \/><\/a>Mentre ci avviamo a concludere questa celebrazione, il pensiero non pu\u00f2  non  andare alla Domenica delle Palme di 25 anni fa. Era il 1985, che le  Nazioni  Unite avevano dichiarato \u201cAnno della Giovent\u00f9\u201d. Il Venerabile Giovanni  Paolo II  volle cogliere quella occasione e, commemorando l\u2019ingresso di Cristo in  Gerusalemme acclamato dai suoi giovani discepoli, diede inizio alle  Giornate  Mondiali della Giovent\u00f9. Da allora,  la Domenica\u00a0delle Palme ha  acquisito questa caratteristica, che ogni due o tre anni si  manifesta anche nei grandi incontri mondiali, tracciando una sorta di  pellegrinaggio giovanile attraverso l\u2019intero pianeta alla sequela di  Ges\u00f9. 25  anni or sono, il mio amato Predecessore invit\u00f2 i giovani a professare la  loro  fede in Cristo che \u201cha preso su di s\u00e9 la causa dell\u2019uomo\u201d (<em>Omelia<\/em>,  31  marzo 1985, nn. 5, 7: <em>Insegnamenti<\/em> VIII, 1 [1985], 884, 886).  Oggi io  rinnovo questo appello alla nuova generazione, a dare testimonianza con  la forza  mite e luminosa della verit\u00e0, perch\u00e9 agli uomini e alle donne del terzo  millennio non manchi il modello pi\u00f9 autentico: Ges\u00f9 Cristo. Consegno  questo  mandato in particolare ai 300 delegati del Forum Internazionale dei  Giovani,  venuti da ogni parte del mondo, convocati dal Pontificio Consiglio per i  Laici.<\/p>\n<\/blockquote>\n<p style=\"text-align: justify;\">[<a href=\"http:\/\/www.vatican.va\/holy_father\/benedict_xvi\/angelus\/2010\/documents\/hf_ben-xvi_ang_20100328_it.html\" target=\"_blank\">Leggi tutto il messaggio<\/a>]\u00a0<em>\u00a9 Copyright 2010 &#8211; Libreria  Editrice Vaticana<\/em><\/p>\n<div class=\"powerpressbox\">[powerpress]<\/div>\n<p class=\"lampadina\">Link al video ufficiale (richiede Apple Quick Time)<\/p>\n<p style=\"text-align: justify;\"><img loading=\"lazy\" decoding=\"async\" style=\"vertical-align: middle; border: 0px none currentColor;\" title=\"Link\" src=\"http:\/\/www.cercoiltuovolto.it\/\/images\/web.png\" alt=\"Link\" width=\"24\" height=\"24\" \/> <strong>Fonte<\/strong>: Radio Vaticana via FeedRss | <strong>Fotografia<\/strong>: <a href=\"https:\/\/www.photo.va\/\" target=\"_blank\">Osservatore Romano<br \/>\n <\/a><span style=\"font-size: xx-small;\"><em>(The content of this podcast is copyrighted by Vatican Radio which, according to  its statute, is entrusted to manage and protect the sound recordings of the  Roman Pontiff, ensuring that their pastoral character and intellectual  property&#8217;s rights are protected when used by third parties. The content of this  podcast is made available only for personal and private use and cannot be  exploited for commercial purposes, without prior written authorization by  Vatican Radio. For further information, please contact the International  Relation Office at relint@vatiradio.va)<\/em><\/span><\/p>\n","protected":false},"excerpt":{"rendered":"<p>Mentre ci avviamo a concludere questa celebrazione, il pensiero non pu\u00f2 non andare alla Domenica delle Palme di 25 anni fa. Era il 1985, che le Nazioni Unite avevano dichiarato \u201cAnno della Giovent\u00f9\u201d. Il Venerabile Giovanni Paolo II volle cogliere quella occasione e, commemorando l\u2019ingresso di Cristo in Gerusalemme acclamato dai suoi giovani discepoli, diede&#8230;<\/p>\n","protected":false},"author":3,"featured_media":0,"comment_status":"closed","ping_status":"closed","sticky":false,"template":"","format":"standard","meta":{"_kad_post_transparent":"","_kad_post_title":"","_kad_post_layout":"","_kad_post_sidebar_id":"","_kad_post_content_style":"","_kad_post_vertical_padding":"","_kad_post_feature":"","_kad_post_feature_position":"","_kad_post_header":false,"_kad_post_footer":false,"_kad_post_classname":"","footnotes":""},"categories":[100,114],"tags":[115,73,333],"class_list":["post-229863","post","type-post","status-publish","format-standard","hentry","category-100","category-angelus","tag-audio","tag-benedetto-xvi","tag-domenica-delle-palme"],"_links":{"self":[{"href":"https:\/\/archivio.cercoiltuovolto.it\/index.php?rest_route=\/wp\/v2\/posts\/229863","targetHints":{"allow":["GET"]}}],"collection":[{"href":"https:\/\/archivio.cercoiltuovolto.it\/index.php?rest_route=\/wp\/v2\/posts"}],"about":[{"href":"https:\/\/archivio.cercoiltuovolto.it\/index.php?rest_route=\/wp\/v2\/types\/post"}],"author":[{"embeddable":true,"href":"https:\/\/archivio.cercoiltuovolto.it\/index.php?rest_route=\/wp\/v2\/users\/3"}],"replies":[{"embeddable":true,"href":"https:\/\/archivio.cercoiltuovolto.it\/index.php?rest_route=%2Fwp%2Fv2%2Fcomments&post=229863"}],"version-history":[{"count":1,"href":"https:\/\/archivio.cercoiltuovolto.it\/index.php?rest_route=\/wp\/v2\/posts\/229863\/revisions"}],"predecessor-version":[{"id":229893,"href":"https:\/\/archivio.cercoiltuovolto.it\/index.php?rest_route=\/wp\/v2\/posts\/229863\/revisions\/229893"}],"wp:attachment":[{"href":"https:\/\/archivio.cercoiltuovolto.it\/index.php?rest_route=%2Fwp%2Fv2%2Fmedia&parent=229863"}],"wp:term":[{"taxonomy":"category","embeddable":true,"href":"https:\/\/archivio.cercoiltuovolto.it\/index.php?rest_route=%2Fwp%2Fv2%2Fcategories&post=229863"},{"taxonomy":"post_tag","embeddable":true,"href":"https:\/\/archivio.cercoiltuovolto.it\/index.php?rest_route=%2Fwp%2Fv2%2Ftags&post=229863"}],"curies":[{"name":"wp","href":"https:\/\/api.w.org\/{rel}","templated":true}]}}