{"id":229857,"date":"2010-03-27T06:28:48","date_gmt":"2010-03-27T06:28:48","guid":{"rendered":"https:\/\/archivio.cercoiltuovolto.it\/?p=229857"},"modified":"2026-07-03T12:11:11","modified_gmt":"2026-07-03T12:11:11","slug":"commento-al-vangelo-del-28-marzo-2010-p-massimo-granieri","status":"publish","type":"post","link":"https:\/\/archivio.cercoiltuovolto.it\/?p=229857","title":{"rendered":"Commento al Vangelo del 28 marzo 2010 &#8211; p. Massimo Granieri"},"content":{"rendered":"<p style=\"text-align: justify;\">Il commento di\u00a0 padre Massimo Granieri al Vangelo della domenica delle Palme.<\/p>\n<blockquote>\n<p style=\"text-align: justify;\"><strong>Vangelo Lc 22,14-23,56<\/p>\n<p>La passione del Signore<\/p>\n<p><\/strong>In quel tempo, tutta l\u2019assemblea si alz\u00f2; condussero Ges\u00f9 da Pilato e cominciarono ad accusarlo: \u00abAbbiamo trovato costui che metteva in agitazione il nostro popolo, impediva di pagare tributi a Cesare e affermava di essere Cristo re\u00bb. Pilato allora lo interrog\u00f2: \u00abSei tu il re dei Giudei?\u00bb. Ed egli rispose: \u00abTu lo dici\u00bb. Pilato disse ai capi dei sacerdoti e alla folla: \u00abNon trovo in quest\u2019uomo alcun motivo di condanna\u00bb. Ma essi insistevano dicendo: \u00abCostui solleva il popolo, insegnando per tutta la Giudea, dopo aver cominciato dalla Galilea, fino a qui\u00bb. Udito ci\u00f2, Pilato domand\u00f2 se quell\u2019uomo era Galileo e, saputo che stava sotto l\u2019autorit\u00e0 di Erode, lo rinvi\u00f2 a Erode, che in quei giorni si trovava anch\u2019egli a Gerusalemme.<\/p>\n<p>Vedendo Ges\u00f9, Erode si rallegr\u00f2 molto. Da molto tempo infatti desiderava vederlo, per averne sentito parlare, e sperava di vedere qualche miracolo fatto da lui. Lo interrog\u00f2, facendogli molte domande, ma egli non gli rispose nulla. Erano presenti anche i capi dei sacerdoti e gli scribi, e insistevano nell\u2019accusarlo. Allora anche Erode, con i suoi soldati, lo insult\u00f2, si fece beffe di lui, gli mise addosso una splendida veste e lo rimand\u00f2 a Pilato. In quel giorno Erode e Pilato diventarono amici tra loro; prima infatti tra loro vi era stata inimicizia.<\/p>\n<p>Pilato, riuniti i capi dei sacerdoti, le autorit\u00e0 e il popolo, disse loro: \u00abMi avete portato quest\u2019uomo come agitatore del popolo. Ecco, io l\u2019ho esaminato davanti a voi, ma non ho trovato in quest\u2019uomo nessuna delle colpe di cui lo accusate; e neanche Erode: infatti ce l\u2019ha rimandato. Ecco, egli non ha fatto nulla che meriti la morte. Perci\u00f2, dopo averlo punito, lo rimetter\u00f2 in libert\u00e0\u00bb. Ma essi si misero a gridare tutti insieme: \u00abTogli di mezzo costui! Rimettici in libert\u00e0 Barabba!\u00bb. Questi era stato messo in prigione per una rivolta, scoppiata in citt\u00e0, e per omicidio. Pilato parl\u00f2 loro di nuovo, perch\u00e9 voleva rimettere in libert\u00e0 Ges\u00f9. Ma essi urlavano: \u00abCrocifiggilo! Crocifiggilo!\u00bb. Ed egli, per la terza volta, disse loro: \u00abMa che male ha fatto costui? Non ho trovato in lui nulla che meriti la morte. Dunque, lo punir\u00f2 e lo rimetter\u00f2 in libert\u00e0\u00bb. Essi per\u00f2 insistevano a gran voce, chiedendo che venisse crocifisso, e le loro grida crescevano. Pilato allora decise che la loro richiesta venisse eseguita. Rimise in libert\u00e0 colui che era stato messo in prigione per rivolta e omicidio, e che essi richiedevano, e consegn\u00f2 Ges\u00f9 al loro volere.<\/p>\n<p>Mentre lo conducevano via, fermarono un certo Simone di Cirene, che tornava dai campi, e gli misero addosso la croce, da portare dietro a Ges\u00f9. Lo seguiva una grande moltitudine di popolo e di donne, che si battevano il petto e facevano lamenti su di lui. Ma Ges\u00f9, voltandosi verso di loro, disse: \u00abFiglie di Gerusalemme, non piangete su di me, ma piangete su voi stesse e sui vostri figli. Ecco, verranno giorni nei quali si dir\u00e0: \u201cBeate le sterili, i grembi che non hanno generato e i seni che non hanno allattato\u201d. Allora cominceranno a dire ai monti: \u201cCadete su di noi!\u201d, e alle colline: \u201cCopriteci!\u201d. Perch\u00e9, se si tratta cos\u00ec il legno verde, che avverr\u00e0 del legno secco?\u00bb.<\/p>\n<p>Insieme con lui venivano condotti a morte anche altri due, che erano malfattori.<\/p>\n<p>Quando giunsero sul luogo chiamato Cranio, vi crocifissero lui e i malfattori, uno a destra e l\u2019altro a sinistra. Ges\u00f9 diceva: \u00abPadre, perdona loro perch\u00e9 non sanno quello che fanno\u00bb.<\/p>\n<p>Poi dividendo le sue vesti, le tirarono a sorte.<\/p>\n<p>Il popolo stava a vedere; i capi invece lo deridevano dicendo: \u00abHa salvato altri! Salvi se stesso, se \u00e8 lui il Cristo di Dio, l\u2019eletto\u00bb. Anche i soldati lo deridevano, gli si accostavano per porgergli dell\u2019aceto e dicevano: \u00abSe tu sei il re dei Giudei, salva te stesso\u00bb. Sopra di lui c\u2019era anche una scritta: \u00abCostui \u00e8 il re dei Giudei\u00bb.<\/p>\n<p>Uno dei malfattori appesi alla croce lo insultava: \u00abNon sei tu il Cristo? Salva te stesso e noi!\u00bb. L\u2019altro invece lo rimproverava dicendo: \u00abNon hai alcun timore di Dio, tu che sei condannato alla stessa pena? Noi, giustamente, perch\u00e9 riceviamo quello che abbiamo meritato per le nostre azioni; egli invece non ha fatto nulla di male\u00bb. E disse: \u00abGes\u00f9, ricordati di me quando entrerai nel tuo regno\u00bb. Gli rispose: \u00abIn verit\u00e0 io ti dico: oggi con me sarai nel paradiso\u00bb.<\/p>\n<p>Era gi\u00e0 verso mezzogiorno e si fece buio su tutta la terra fino alle tre del pomeriggio, perch\u00e9 il sole si era eclissato. Il velo del tempio si squarci\u00f2 a met\u00e0. Ges\u00f9, gridando a gran voce, disse: \u00abPadre, nelle tue mani consegno il mio spirito\u00bb. Detto questo, spir\u00f2.<\/p>\n<p>Visto ci\u00f2 che era accaduto, il centurione dava gloria a Dio dicendo: \u00abVeramente quest\u2019uomo era giusto\u00bb. Cos\u00ec pure tutta la folla che era venuta a vedere questo spettacolo, ripensando a quanto era accaduto, se ne tornava battendosi il petto. Tutti i suoi conoscenti, e le donne che lo avevano seguito fin dalla Galilea, stavano da lontano a guardare tutto questo.<strong><br \/>\n<\/strong><\/p>\n<\/blockquote>\n<div class=\"powerpressbox\">[powerpress]<\/div>\n","protected":false},"excerpt":{"rendered":"<p>Il commento di\u00a0 padre Massimo Granieri al Vangelo della domenica delle Palme. Vangelo Lc 22,14-23,56 La passione del Signore In quel tempo, tutta l\u2019assemblea si alz\u00f2; condussero Ges\u00f9 da Pilato e cominciarono ad accusarlo: \u00abAbbiamo trovato costui che metteva in agitazione il nostro popolo, impediva di pagare tributi a Cesare e affermava di essere Cristo&#8230;<\/p>\n","protected":false},"author":3,"featured_media":0,"comment_status":"closed","ping_status":"closed","sticky":false,"template":"","format":"standard","meta":{"_kad_post_transparent":"","_kad_post_title":"","_kad_post_layout":"","_kad_post_sidebar_id":"","_kad_post_content_style":"","_kad_post_vertical_padding":"","_kad_post_feature":"","_kad_post_feature_position":"","_kad_post_header":false,"_kad_post_footer":false,"_kad_post_classname":"","footnotes":""},"categories":[100,4],"tags":[5,333,31],"class_list":["post-229857","post","type-post","status-publish","format-standard","hentry","category-100","category-audio-cattolici","tag-commento-al-vangelo","tag-domenica-delle-palme","tag-radio-nel-web"],"_links":{"self":[{"href":"https:\/\/archivio.cercoiltuovolto.it\/index.php?rest_route=\/wp\/v2\/posts\/229857","targetHints":{"allow":["GET"]}}],"collection":[{"href":"https:\/\/archivio.cercoiltuovolto.it\/index.php?rest_route=\/wp\/v2\/posts"}],"about":[{"href":"https:\/\/archivio.cercoiltuovolto.it\/index.php?rest_route=\/wp\/v2\/types\/post"}],"author":[{"embeddable":true,"href":"https:\/\/archivio.cercoiltuovolto.it\/index.php?rest_route=\/wp\/v2\/users\/3"}],"replies":[{"embeddable":true,"href":"https:\/\/archivio.cercoiltuovolto.it\/index.php?rest_route=%2Fwp%2Fv2%2Fcomments&post=229857"}],"version-history":[{"count":1,"href":"https:\/\/archivio.cercoiltuovolto.it\/index.php?rest_route=\/wp\/v2\/posts\/229857\/revisions"}],"predecessor-version":[{"id":229901,"href":"https:\/\/archivio.cercoiltuovolto.it\/index.php?rest_route=\/wp\/v2\/posts\/229857\/revisions\/229901"}],"wp:attachment":[{"href":"https:\/\/archivio.cercoiltuovolto.it\/index.php?rest_route=%2Fwp%2Fv2%2Fmedia&parent=229857"}],"wp:term":[{"taxonomy":"category","embeddable":true,"href":"https:\/\/archivio.cercoiltuovolto.it\/index.php?rest_route=%2Fwp%2Fv2%2Fcategories&post=229857"},{"taxonomy":"post_tag","embeddable":true,"href":"https:\/\/archivio.cercoiltuovolto.it\/index.php?rest_route=%2Fwp%2Fv2%2Ftags&post=229857"}],"curies":[{"name":"wp","href":"https:\/\/api.w.org\/{rel}","templated":true}]}}