{"id":229844,"date":"2010-03-26T06:00:39","date_gmt":"2010-03-26T06:00:39","guid":{"rendered":"https:\/\/archivio.cercoiltuovolto.it\/?p=229844"},"modified":"2026-07-03T12:11:11","modified_gmt":"2026-07-03T12:11:11","slug":"simboli-e-pratiche-religiose-nellitalia-multiculturale","status":"publish","type":"post","link":"https:\/\/archivio.cercoiltuovolto.it\/?p=229844","title":{"rendered":"Simboli e pratiche religiose nell&#8217;Italia \u00abmulticulturale\u00bb"},"content":{"rendered":"<p style=\"text-align: justify;\"><a href=\"http:\/\/www.cercoiltuovolto.it\/\/wp-content\/uploads\/2010\/03\/Simboli-e-pratiche-religiose-nellItalia-\u00abmulticulturale\u00bb.jpeg\"><img loading=\"lazy\" decoding=\"async\" class=\"alignleft size-medium wp-image-10887\" title=\"Simboli e pratiche religiose nell'Italia \u00abmulticulturale\u00bb\" src=\"http:\/\/www.cercoiltuovolto.it\/\/wp-content\/uploads\/2010\/03\/Simboli-e-pratiche-religiose-nellItalia-\u00abmulticulturale\u00bb-193x300.jpg\" alt=\"\" width=\"193\" height=\"300\" \/><\/a>Il datore di lavoro pu\u00f2 proibire ad un&#8217;impiegata di fede islamica di indossare il velo nell&#8217;ambiente lavorativo? Pu\u00f2 un ente locale tramite ordinanza imporre obbligatoriamente l&#8217;esposizione di un simbolo religioso nei suoi locali? Fino a che punto i lavoratori appartenenti a fedi minoritarie nel paese possono rivendicare orari di lavoro compatibili con le proprie esigenze di culto e festivit\u00e0 religiose? Quali sono i precetti dell&#8217;Islam e quali le richieste che i suoi fedeli pongono alla societ\u00e0 italiana? Quale modello di societ\u00e0 e di relazione tra cittadini e migranti stiamo costruendo in Italia e in Europa? Come reagire giuridicamente alle discriminazioni per motivi religiosi? Sono queste solo alcune delle molte domande che con sempre maggiore frequenza emergono a fronte della trasformazione della societ\u00e0 italiana in senso multiculturale e multireligioso. I saggi raccolti nel volume affrontano in maniera interdisciplinare questa complessa sfida posta al mondo del lavoro e alla societ\u00e0 italiana nel suo divenire. Con la prefazione di Walter Citti.<\/p>\n<blockquote>\n<h3>Ascolta l&#8217;intervista ad Antonello De Oto, curatore del libro.<\/h3>\n<\/p>\n<\/blockquote>\n<p class=\"sito-web\">Link utili: <a href=\"http:\/\/www.radioradicale.it\/scheda\/299184\/intervista-ad-antonello-de-oto-curatore-del-libro-simboli-e-pratiche-religiose-nellitalia-multiculturale-q\" target=\"_blank\">Radio Radicale<\/a><\/p>\n<p class=\"acquista-paragrafo\"><a href=\"http:\/\/www.ibs.it\/code\/9788823013766\/de-oto-antonello\/simboli-pratiche-religiose.html?shop=3462\" target=\"_blank\">Acquista il libro<\/a> su IBS<\/p>\n","protected":false},"excerpt":{"rendered":"<p>Il datore di lavoro pu\u00f2 proibire ad un&#8217;impiegata di fede islamica di indossare il velo nell&#8217;ambiente lavorativo? Pu\u00f2 un ente locale tramite ordinanza imporre obbligatoriamente l&#8217;esposizione di un simbolo religioso nei suoi locali? Fino a che punto i lavoratori appartenenti a fedi minoritarie nel paese possono rivendicare orari di lavoro compatibili con le proprie esigenze&#8230;<\/p>\n","protected":false},"author":3,"featured_media":0,"comment_status":"closed","ping_status":"closed","sticky":false,"template":"","format":"standard","meta":{"_kad_post_transparent":"","_kad_post_title":"","_kad_post_layout":"","_kad_post_sidebar_id":"","_kad_post_content_style":"","_kad_post_vertical_padding":"","_kad_post_feature":"","_kad_post_feature_position":"","_kad_post_header":false,"_kad_post_footer":false,"_kad_post_classname":"","footnotes":""},"categories":[100,149],"tags":[17],"class_list":["post-229844","post","type-post","status-publish","format-standard","hentry","category-100","category-interviste","tag-libri"],"_links":{"self":[{"href":"https:\/\/archivio.cercoiltuovolto.it\/index.php?rest_route=\/wp\/v2\/posts\/229844","targetHints":{"allow":["GET"]}}],"collection":[{"href":"https:\/\/archivio.cercoiltuovolto.it\/index.php?rest_route=\/wp\/v2\/posts"}],"about":[{"href":"https:\/\/archivio.cercoiltuovolto.it\/index.php?rest_route=\/wp\/v2\/types\/post"}],"author":[{"embeddable":true,"href":"https:\/\/archivio.cercoiltuovolto.it\/index.php?rest_route=\/wp\/v2\/users\/3"}],"replies":[{"embeddable":true,"href":"https:\/\/archivio.cercoiltuovolto.it\/index.php?rest_route=%2Fwp%2Fv2%2Fcomments&post=229844"}],"version-history":[{"count":1,"href":"https:\/\/archivio.cercoiltuovolto.it\/index.php?rest_route=\/wp\/v2\/posts\/229844\/revisions"}],"predecessor-version":[{"id":229910,"href":"https:\/\/archivio.cercoiltuovolto.it\/index.php?rest_route=\/wp\/v2\/posts\/229844\/revisions\/229910"}],"wp:attachment":[{"href":"https:\/\/archivio.cercoiltuovolto.it\/index.php?rest_route=%2Fwp%2Fv2%2Fmedia&parent=229844"}],"wp:term":[{"taxonomy":"category","embeddable":true,"href":"https:\/\/archivio.cercoiltuovolto.it\/index.php?rest_route=%2Fwp%2Fv2%2Fcategories&post=229844"},{"taxonomy":"post_tag","embeddable":true,"href":"https:\/\/archivio.cercoiltuovolto.it\/index.php?rest_route=%2Fwp%2Fv2%2Ftags&post=229844"}],"curies":[{"name":"wp","href":"https:\/\/api.w.org\/{rel}","templated":true}]}}