{"id":229841,"date":"2010-03-24T22:33:09","date_gmt":"2010-03-24T22:33:09","guid":{"rendered":"https:\/\/archivio.cercoiltuovolto.it\/?p=229841"},"modified":"2026-07-03T12:11:12","modified_gmt":"2026-07-03T12:11:12","slug":"udienza-generale-del-santo-padre-in-mp3-24-marzo-2010","status":"publish","type":"post","link":"https:\/\/archivio.cercoiltuovolto.it\/?p=229841","title":{"rendered":"&#8220;Udienza Generale&#8221; del Santo Padre in mp3 &#8211; 24 marzo 2010"},"content":{"rendered":"<p style=\"text-align: justify;\"><a href=\"http:\/\/www.cercoiltuovolto.it\/\/wp-content\/uploads\/2010\/03\/udienza-generale-in-piazza-san-Pietro.jpg\"><img loading=\"lazy\" decoding=\"async\" class=\"alignleft size-medium wp-image-11023\" title=\"udienza generale in piazza san Pietro\" src=\"http:\/\/www.cercoiltuovolto.it\/\/wp-content\/uploads\/2010\/03\/udienza-generale-in-piazza-san-Pietro-300x199.jpg\" alt=\"\" width=\"300\" height=\"199\" \/><\/a><strong>Sant&#8217;Alberto Magno<\/strong><\/p>\n<p style=\"text-align: justify;\">Cari fratelli e sorelle,<\/p>\n<p style=\"text-align: justify;\">uno dei pi\u00f9 grandi maestri della teologia medioevale \u00e8 sant\u2019Alberto  Magno. Il  titolo di \u201cgrande\u201d (magnus), con il quale egli \u00e8 passato alla  storia,  indica la vastit\u00e0 e la profondit\u00e0 della sua dottrina, che egli associ\u00f2  alla  santit\u00e0 della vita. Ma gi\u00e0 i suoi contemporanei non esitavano ad  attribuirgli  titoli eccellenti; un suo discepolo, Ulrico di Strasburgo, lo defin\u00ec  \u201cstupore e  miracolo della nostra epoca\u201d.<\/p>\n<p style=\"text-align: justify;\">[<a href=\"http:\/\/www.vatican.va\/holy_father\/benedict_xvi\/audiences\/2010\/documents\/hf_ben-xvi_aud_20100324_it.html\" target=\"_blank\">Leggi tutto il messaggio<\/a>] <em>\u00a9 Copyright 2010 &#8211; Libreria  Editrice Vaticana<\/em><\/p>\n<div class=\"powerpressbox\">[powerpress]<\/div>\n<p class=\"film\"><a href=\"http:\/\/vod.vatican.va\/udienza24032010.mov\" target=\"_blank\">Link al video ufficiale<\/a> (<em>richiede Apple Quick Time<\/em>)<\/p>\n<p style=\"text-align: justify;\"><img loading=\"lazy\" decoding=\"async\" style=\"vertical-align: middle; border: 0px none currentColor;\" title=\"Link\" src=\"http:\/\/www.cercoiltuovolto.it\/\/images\/web.png\" alt=\"Link\" width=\"24\" height=\"24\" \/> Fonte del podcast: <strong>Radio Vaticana<\/strong> via FeedRss | <strong>Foto<\/strong>: <a href=\"https:\/\/www.photo.va\" target=\"_blank\">Osservatore Romano<br \/>\n <\/a><em><span style=\"font-size: xx-small;\">(The content of this podcast is copyrighted by Vatican Radio which, according to  its statute, is entrusted to manage and protect the sound recordings of the  Roman Pontiff, ensuring that their pastoral character and intellectual  property&#8217;s rights are protected when used by third parties. The content of this  podcast is made available only for personal and private use and cannot be  exploited for commercial purposes, without prior written authorization by  Vatican Radio. For further information, please contact the International  Relation Office at relint@vatiradio.va)<\/span><\/em><\/p>\n","protected":false},"excerpt":{"rendered":"<p>Sant&#8217;Alberto Magno Cari fratelli e sorelle, uno dei pi\u00f9 grandi maestri della teologia medioevale \u00e8 sant\u2019Alberto Magno. Il titolo di \u201cgrande\u201d (magnus), con il quale egli \u00e8 passato alla storia, indica la vastit\u00e0 e la profondit\u00e0 della sua dottrina, che egli associ\u00f2 alla santit\u00e0 della vita. Ma gi\u00e0 i suoi contemporanei non esitavano ad attribuirgli&#8230;<\/p>\n","protected":false},"author":3,"featured_media":0,"comment_status":"closed","ping_status":"closed","sticky":false,"template":"","format":"standard","meta":{"_kad_post_transparent":"","_kad_post_title":"","_kad_post_layout":"","_kad_post_sidebar_id":"","_kad_post_content_style":"","_kad_post_vertical_padding":"","_kad_post_feature":"","_kad_post_feature_position":"","_kad_post_header":false,"_kad_post_footer":false,"_kad_post_classname":"","footnotes":""},"categories":[100,4],"tags":[73,65],"class_list":["post-229841","post","type-post","status-publish","format-standard","hentry","category-100","category-audio-cattolici","tag-benedetto-xvi","tag-udienza-generale"],"_links":{"self":[{"href":"https:\/\/archivio.cercoiltuovolto.it\/index.php?rest_route=\/wp\/v2\/posts\/229841","targetHints":{"allow":["GET"]}}],"collection":[{"href":"https:\/\/archivio.cercoiltuovolto.it\/index.php?rest_route=\/wp\/v2\/posts"}],"about":[{"href":"https:\/\/archivio.cercoiltuovolto.it\/index.php?rest_route=\/wp\/v2\/types\/post"}],"author":[{"embeddable":true,"href":"https:\/\/archivio.cercoiltuovolto.it\/index.php?rest_route=\/wp\/v2\/users\/3"}],"replies":[{"embeddable":true,"href":"https:\/\/archivio.cercoiltuovolto.it\/index.php?rest_route=%2Fwp%2Fv2%2Fcomments&post=229841"}],"version-history":[{"count":1,"href":"https:\/\/archivio.cercoiltuovolto.it\/index.php?rest_route=\/wp\/v2\/posts\/229841\/revisions"}],"predecessor-version":[{"id":229914,"href":"https:\/\/archivio.cercoiltuovolto.it\/index.php?rest_route=\/wp\/v2\/posts\/229841\/revisions\/229914"}],"wp:attachment":[{"href":"https:\/\/archivio.cercoiltuovolto.it\/index.php?rest_route=%2Fwp%2Fv2%2Fmedia&parent=229841"}],"wp:term":[{"taxonomy":"category","embeddable":true,"href":"https:\/\/archivio.cercoiltuovolto.it\/index.php?rest_route=%2Fwp%2Fv2%2Fcategories&post=229841"},{"taxonomy":"post_tag","embeddable":true,"href":"https:\/\/archivio.cercoiltuovolto.it\/index.php?rest_route=%2Fwp%2Fv2%2Ftags&post=229841"}],"curies":[{"name":"wp","href":"https:\/\/api.w.org\/{rel}","templated":true}]}}