{"id":229805,"date":"2010-03-22T06:29:20","date_gmt":"2010-03-22T06:29:20","guid":{"rendered":"https:\/\/archivio.cercoiltuovolto.it\/?p=229805"},"modified":"2026-07-03T12:11:12","modified_gmt":"2026-07-03T12:11:12","slug":"impara-a-vivere-studiando-e-a-studiare-vivendo","status":"publish","type":"post","link":"https:\/\/archivio.cercoiltuovolto.it\/?p=229805","title":{"rendered":"Impara a vivere studiando e a studiare vivendo!"},"content":{"rendered":"<p style=\"text-align: justify;\">Da un progetto del sito &#8220;Lasciati consolare dal cuore&#8221; , una catechesi in varie puntate di\u00a0<strong>Padre Massimo Vedova<\/strong> che aiuter\u00e0 a capire meglio il nostro rapporto con lo studio. Affronter\u00e0 le pi\u00f9 comuni difficolt\u00e0 per poi immergerci in un mondo pi\u00f9 nascosto di noi stessi dove impareremo ad affrontare con gioia e libert\u00e0 questo affascinante e splendido periodo che accompagna la nostra vita.<\/p>\n<blockquote>\n<p style=\"text-align: justify;\">Per seguire tutti gli interventi, ascoltarli online o scaricarli cliccare il seguente link:<\/p>\n<p style=\"text-align: justify;\"><a href=\"http:\/\/lasciaticonsolareilcuore.mypodcast.com\/\" target=\"_blank\">lasciaticonsolareilcuore.mypodcast.com<\/a><\/p>\n<\/blockquote>\n<p style=\"text-align: justify;\">Di seguito propongo la prima riflessione:<\/p>\n","protected":false},"excerpt":{"rendered":"<p>Da un progetto del sito &#8220;Lasciati consolare dal cuore&#8221; , una catechesi in varie puntate di\u00a0Padre Massimo Vedova che aiuter\u00e0 a capire meglio il nostro rapporto con lo studio. Affronter\u00e0 le pi\u00f9 comuni difficolt\u00e0 per poi immergerci in un mondo pi\u00f9 nascosto di noi stessi dove impareremo ad affrontare con gioia e libert\u00e0 questo affascinante&#8230;<\/p>\n","protected":false},"author":3,"featured_media":0,"comment_status":"closed","ping_status":"closed","sticky":false,"template":"","format":"standard","meta":{"_kad_post_transparent":"","_kad_post_title":"","_kad_post_layout":"","_kad_post_sidebar_id":"","_kad_post_content_style":"","_kad_post_vertical_padding":"","_kad_post_feature":"","_kad_post_feature_position":"","_kad_post_header":false,"_kad_post_footer":false,"_kad_post_classname":"","footnotes":""},"categories":[100,4],"tags":[93],"class_list":["post-229805","post","type-post","status-publish","format-standard","hentry","category-100","category-audio-cattolici","tag-catechesi"],"_links":{"self":[{"href":"https:\/\/archivio.cercoiltuovolto.it\/index.php?rest_route=\/wp\/v2\/posts\/229805","targetHints":{"allow":["GET"]}}],"collection":[{"href":"https:\/\/archivio.cercoiltuovolto.it\/index.php?rest_route=\/wp\/v2\/posts"}],"about":[{"href":"https:\/\/archivio.cercoiltuovolto.it\/index.php?rest_route=\/wp\/v2\/types\/post"}],"author":[{"embeddable":true,"href":"https:\/\/archivio.cercoiltuovolto.it\/index.php?rest_route=\/wp\/v2\/users\/3"}],"replies":[{"embeddable":true,"href":"https:\/\/archivio.cercoiltuovolto.it\/index.php?rest_route=%2Fwp%2Fv2%2Fcomments&post=229805"}],"version-history":[{"count":1,"href":"https:\/\/archivio.cercoiltuovolto.it\/index.php?rest_route=\/wp\/v2\/posts\/229805\/revisions"}],"predecessor-version":[{"id":229942,"href":"https:\/\/archivio.cercoiltuovolto.it\/index.php?rest_route=\/wp\/v2\/posts\/229805\/revisions\/229942"}],"wp:attachment":[{"href":"https:\/\/archivio.cercoiltuovolto.it\/index.php?rest_route=%2Fwp%2Fv2%2Fmedia&parent=229805"}],"wp:term":[{"taxonomy":"category","embeddable":true,"href":"https:\/\/archivio.cercoiltuovolto.it\/index.php?rest_route=%2Fwp%2Fv2%2Fcategories&post=229805"},{"taxonomy":"post_tag","embeddable":true,"href":"https:\/\/archivio.cercoiltuovolto.it\/index.php?rest_route=%2Fwp%2Fv2%2Ftags&post=229805"}],"curies":[{"name":"wp","href":"https:\/\/api.w.org\/{rel}","templated":true}]}}