{"id":229788,"date":"2010-03-20T09:58:28","date_gmt":"2010-03-20T09:58:28","guid":{"rendered":"https:\/\/archivio.cercoiltuovolto.it\/?p=229788"},"modified":"2026-07-03T12:11:12","modified_gmt":"2026-07-03T12:11:12","slug":"25%c2%ba-anniversario-della-gmg-anteprima-dellinedito-penna-tra-le-tue-dita","status":"publish","type":"post","link":"https:\/\/archivio.cercoiltuovolto.it\/?p=229788","title":{"rendered":"25\u00ba Anniversario della GMG &#8211; anteprima dell\u2019inedito \u201cPenna tra le tue dita\u201d"},"content":{"rendered":"<blockquote>\n<p style=\"text-align: justify;\"><em>Gioved\u00ec 25 marzo alle 19 Papa Benedetto XVI incontrer\u00e0 i giovani in piazza San Pietro in occasione del venticinquesimo anniversario della Giornata mondiale della Giovent\u00f9. La serata sar\u00e0 animata dall\u2019orchestra di Marco Frisina, da Nek e dalla giovane cantautrice Erika Provinzano accompagnata dalla sua band. (&#8230;continua sul blog di Erika&#8230;)<\/em><\/p>\n<\/blockquote>\n<p style=\"text-align: center;\">\n<p class=\"sito-web\" style=\"text-align: justify;\">Fonte: <a href=\"http:\/\/erikaprovinzano.com\/2010\/03\/ascolta-in-anteprima-linedito-penna-tra-le-tue-dita-scritto-per-il-25\u00ba-anniversario-della-gmg\/\" target=\"_blank\">Erika Provinzano <\/a><\/p>\n","protected":false},"excerpt":{"rendered":"<p>Gioved\u00ec 25 marzo alle 19 Papa Benedetto XVI incontrer\u00e0 i giovani in piazza San Pietro in occasione del venticinquesimo anniversario della Giornata mondiale della Giovent\u00f9. La serata sar\u00e0 animata dall\u2019orchestra di Marco Frisina, da Nek e dalla giovane cantautrice Erika Provinzano accompagnata dalla sua band. (&#8230;continua sul blog di Erika&#8230;) Fonte: Erika Provinzano<\/p>\n","protected":false},"author":3,"featured_media":0,"comment_status":"closed","ping_status":"closed","sticky":false,"template":"","format":"standard","meta":{"_kad_post_transparent":"","_kad_post_title":"","_kad_post_layout":"","_kad_post_sidebar_id":"","_kad_post_content_style":"","_kad_post_vertical_padding":"","_kad_post_feature":"","_kad_post_feature_position":"","_kad_post_header":false,"_kad_post_footer":false,"_kad_post_classname":"","footnotes":""},"categories":[100,127],"tags":[20,38,113],"class_list":["post-229788","post","type-post","status-publish","format-standard","hentry","category-100","category-benedetto-xvi","tag-gmg","tag-musica-e-fede","tag-video"],"_links":{"self":[{"href":"https:\/\/archivio.cercoiltuovolto.it\/index.php?rest_route=\/wp\/v2\/posts\/229788","targetHints":{"allow":["GET"]}}],"collection":[{"href":"https:\/\/archivio.cercoiltuovolto.it\/index.php?rest_route=\/wp\/v2\/posts"}],"about":[{"href":"https:\/\/archivio.cercoiltuovolto.it\/index.php?rest_route=\/wp\/v2\/types\/post"}],"author":[{"embeddable":true,"href":"https:\/\/archivio.cercoiltuovolto.it\/index.php?rest_route=\/wp\/v2\/users\/3"}],"replies":[{"embeddable":true,"href":"https:\/\/archivio.cercoiltuovolto.it\/index.php?rest_route=%2Fwp%2Fv2%2Fcomments&post=229788"}],"version-history":[{"count":1,"href":"https:\/\/archivio.cercoiltuovolto.it\/index.php?rest_route=\/wp\/v2\/posts\/229788\/revisions"}],"predecessor-version":[{"id":229958,"href":"https:\/\/archivio.cercoiltuovolto.it\/index.php?rest_route=\/wp\/v2\/posts\/229788\/revisions\/229958"}],"wp:attachment":[{"href":"https:\/\/archivio.cercoiltuovolto.it\/index.php?rest_route=%2Fwp%2Fv2%2Fmedia&parent=229788"}],"wp:term":[{"taxonomy":"category","embeddable":true,"href":"https:\/\/archivio.cercoiltuovolto.it\/index.php?rest_route=%2Fwp%2Fv2%2Fcategories&post=229788"},{"taxonomy":"post_tag","embeddable":true,"href":"https:\/\/archivio.cercoiltuovolto.it\/index.php?rest_route=%2Fwp%2Fv2%2Ftags&post=229788"}],"curies":[{"name":"wp","href":"https:\/\/api.w.org\/{rel}","templated":true}]}}