{"id":229764,"date":"2010-03-19T11:00:52","date_gmt":"2010-03-19T11:00:52","guid":{"rendered":"https:\/\/archivio.cercoiltuovolto.it\/?p=229764"},"modified":"2026-07-03T12:11:12","modified_gmt":"2026-07-03T12:11:12","slug":"il-testamento-di-gesu","status":"publish","type":"post","link":"https:\/\/archivio.cercoiltuovolto.it\/?p=229764","title":{"rendered":"Il testamento di Ges\u00f9"},"content":{"rendered":"<p style=\"text-align: justify;\">Serie di trasmissioni dedicate ai <strong>capitoli 13 e 17 del Vangelo di Giovanni<\/strong>, quelli che precedono immediatamente il racconto della Passione, permeati da un sentimento di affetto e di distacco, nei quali Ges\u00f9 lascia il suo Testamento d&#8217;Amore.<\/p>\n<h3>Link ai file mp3<\/h3>\n<ul>\n<li style=\"text-align: justify;\">gioved\u00ec 18.02.10<\/li>\n<li style=\"text-align: justify;\">venerd\u00ec 19.02.10<\/li>\n<li style=\"text-align: justify;\">sabato 20.02.10<\/li>\n<\/ul>\n<h3><span style=\"color: #ff0000;\">Aggiornamento del 01\/03\/2010<\/span><\/h3>\n<ul>\n<li>gioved\u00ec 25.02.10<\/li>\n<li>venerd\u00ec 26.02.10 <\/li>\n<li>sabato 27.02.10 <\/li>\n<\/ul>\n<p><strong><span style=\"color: #ff0000;\">Aggiornamento del 19\/03\/2010<\/span><\/strong><\/p>\n<ul>\n<li>7\u00b0pt. gioved\u00ec 04.03.10 <\/li>\n<li>8\u00b0pt. venerd\u00ec 05.03.10 <\/li>\n<li>9\u00b0pt. venerd\u00ec 06.03.10<\/li>\n<li><span style=\"text-decoration: line-through;\">10\u00b0pt. gioved\u00ec 11.03.10<\/span><\/li>\n<li><span style=\"text-decoration: line-through;\">11\u00b0 pt. venerd\u00ec 12.03.10<\/span><\/li>\n<li><span style=\"text-decoration: line-through;\">12\u00b0 pt. sabato 13.03.10<\/span><\/li>\n<\/ul>\n<p><strong><span style=\"color: #ff0000;\">Aggiornamento del 26\/03\/2010<\/span><\/strong><\/p>\n<ul>\n<li>13\u00b0pt. gioved\u00ec 18.03.10<\/li>\n<li>14\u00b0 pt. venerd\u00ec 19.03.10 <\/li>\n<li>15\u00b0 pt. sabato 20.03.10<\/li>\n<\/ul>\n<p><strong><span style=\"color: #ff0000;\">Aggiornamento del 06\/04\/2010<\/span><\/strong><\/p>\n<ul>\n<li>16\u00b0 pt. gioved\u00ec 25.03.2010 <\/li>\n<li>17\u00b0 pt. venerd\u00ec 26.03.2010 <\/li>\n<li>18\u00b0 pt. sabato 27.03.2010<\/li>\n<\/ul>\n<ul>\n<\/ul>\n<p class=\"sito-web\" style=\"text-align: justify;\">Fonte: <a href=\"http:\/\/www.radiovaticana.org\/orizzonticristiani\/proorizzonti.htm\" target=\"_blank\">Orizzonti Cristiani<\/a><\/p>\n","protected":false},"excerpt":{"rendered":"<p>Serie di trasmissioni dedicate ai capitoli 13 e 17 del Vangelo di Giovanni, quelli che precedono immediatamente il racconto della Passione, permeati da un sentimento di affetto e di distacco, nei quali Ges\u00f9 lascia il suo Testamento d&#8217;Amore. Link ai file mp3 gioved\u00ec 18.02.10 venerd\u00ec 19.02.10 sabato 20.02.10 Aggiornamento del 01\/03\/2010 gioved\u00ec 25.02.10 venerd\u00ec 26.02.10&#8230;<\/p>\n","protected":false},"author":3,"featured_media":0,"comment_status":"closed","ping_status":"closed","sticky":false,"template":"","format":"standard","meta":{"_kad_post_transparent":"","_kad_post_title":"","_kad_post_layout":"","_kad_post_sidebar_id":"","_kad_post_content_style":"","_kad_post_vertical_padding":"","_kad_post_feature":"","_kad_post_feature_position":"","_kad_post_header":false,"_kad_post_footer":false,"_kad_post_classname":"","footnotes":""},"categories":[100,4],"tags":[171,174,27],"class_list":["post-229764","post","type-post","status-publish","format-standard","hentry","category-100","category-audio-cattolici","tag-passione","tag-quaresima","tag-radio-vaticana"],"_links":{"self":[{"href":"https:\/\/archivio.cercoiltuovolto.it\/index.php?rest_route=\/wp\/v2\/posts\/229764","targetHints":{"allow":["GET"]}}],"collection":[{"href":"https:\/\/archivio.cercoiltuovolto.it\/index.php?rest_route=\/wp\/v2\/posts"}],"about":[{"href":"https:\/\/archivio.cercoiltuovolto.it\/index.php?rest_route=\/wp\/v2\/types\/post"}],"author":[{"embeddable":true,"href":"https:\/\/archivio.cercoiltuovolto.it\/index.php?rest_route=\/wp\/v2\/users\/3"}],"replies":[{"embeddable":true,"href":"https:\/\/archivio.cercoiltuovolto.it\/index.php?rest_route=%2Fwp%2Fv2%2Fcomments&post=229764"}],"version-history":[{"count":1,"href":"https:\/\/archivio.cercoiltuovolto.it\/index.php?rest_route=\/wp\/v2\/posts\/229764\/revisions"}],"predecessor-version":[{"id":229972,"href":"https:\/\/archivio.cercoiltuovolto.it\/index.php?rest_route=\/wp\/v2\/posts\/229764\/revisions\/229972"}],"wp:attachment":[{"href":"https:\/\/archivio.cercoiltuovolto.it\/index.php?rest_route=%2Fwp%2Fv2%2Fmedia&parent=229764"}],"wp:term":[{"taxonomy":"category","embeddable":true,"href":"https:\/\/archivio.cercoiltuovolto.it\/index.php?rest_route=%2Fwp%2Fv2%2Fcategories&post=229764"},{"taxonomy":"post_tag","embeddable":true,"href":"https:\/\/archivio.cercoiltuovolto.it\/index.php?rest_route=%2Fwp%2Fv2%2Ftags&post=229764"}],"curies":[{"name":"wp","href":"https:\/\/api.w.org\/{rel}","templated":true}]}}