{"id":229761,"date":"2010-03-15T12:55:26","date_gmt":"2010-03-15T12:55:26","guid":{"rendered":"https:\/\/archivio.cercoiltuovolto.it\/?p=229761"},"modified":"2026-07-03T12:11:30","modified_gmt":"2026-07-03T12:11:30","slug":"la-seconda-predica-di-quaresima-di-padre-cantalamessa","status":"publish","type":"post","link":"https:\/\/archivio.cercoiltuovolto.it\/?p=229761","title":{"rendered":"La seconda predica di Quaresima di padre Cantalamessa"},"content":{"rendered":"<p style=\"text-align: justify;\"><strong><a href=\"http:\/\/www.cercoiltuovolto.it\/\/wp-content\/uploads\/2010\/03\/predicazione-cantalamessa.jpg\"><img loading=\"lazy\" decoding=\"async\" class=\"alignleft size-thumbnail wp-image-10738\" title=\"predicazione-cantalamessa\" src=\"http:\/\/www.cercoiltuovolto.it\/\/wp-content\/uploads\/2010\/03\/predicazione-cantalamessa-150x150.jpg\" alt=\"\" width=\"150\" height=\"150\" \/><\/a>L\u2019Eucaristia,  seme della vita e della morte di Ges\u00f9, accompagni sacerdoti e laici  durante tutta la vita.<\/strong><\/p>\n<p style=\"text-align: justify;\">Nella seconda  predica di Quaresima padre Raniero Cantalamessa ha dedicato la propria  meditazione, alla presenza del Papa e della Curia Romana, alla figura  del sacerdote e al dono dell\u2019Eucaristia. Il mistero sacerdotale &#8211; ha  detto il predicatore della Casa Pontificia nella Cappella <em>Redemptoris  Mater<\/em> del Palazzo Apostolico &#8211; si fonda sull\u2019annuncio del Vangelo e  trae la propria forza ed efficacia dal sacrificio di Cristo. Per essere  sacerdote il presbitero deve offrire se stesso come Ges\u00f9. Il servizio  di <strong>Amedeo Lomonaco<\/strong>:<span style=\"text-decoration: underline;\"> <\/span><\/p>\n<p> <em>(musica)<\/em><\/p>\n<p> <em> <\/em><em>Il  sacerdozio cristiano non si spiega \u201cse non in dipendenza e come  partecipazione sacramentale al sacerdozio di Cristo\u201d. Il presbitero  sull\u2019altare non rappresenta soltanto il Ges\u00f9 \u201csommo sacerdote\u201d, ma anche  il Ges\u00f9 \u201csomma vittima\u201d:<\/em><\/p>\n<p> <em> <\/em><strong>\u201cL\u2019offerta  del sacerdote e di tutta la Chiesa, senza quella di Ges\u00f9, non sarebbe n\u00e9  santa, n\u00e9 gradita a Dio, perch\u00e9 siamo creature peccatrici. Ma anche  l\u2019offerta di Ges\u00f9, senza quella del suo corpo che \u00e8 la Chiesa, sarebbe  anch\u2019essa incompleta e insufficiente, non per procurare la salvezza, ma  per riceverla\u201d.<\/strong><\/p>\n<p> <em>Padre Cantalamessa si \u00e8 poi soffermato sul  sacramento per eccellenza, l\u2019Eucaristia, segno concreto della grazia:<\/em><\/p>\n<p> <em> <\/em><strong>\u201cGes\u00f9  quando dice \u2018Prendete il mio corpo\u2019 ci d\u00e0 la sua vita concreta, il suo  vissuto nel tempo, le fatiche, le gioie, tutto quello che ha riempito la  sua vita. Dicendo \u2018Prendete questo \u00e8 il mio sangue\u2019 ci dona la sua  morte. L\u2019Eucaristia \u00e8 il seme della vita e della morte di Ges\u00f9\u201d.<\/strong><\/p>\n<p> <em>Applicare  queste parole nella vita quotidiana significa per un sacerdote offrire  tempo, risorse fisiche, e tutto ci\u00f2 che anticipa la morte come le  mortificazioni e le malattie. Tutta la giornata e non solo il momento  della celebrazione \u00e8 un\u2019Eucaristia. L\u2019Eucaristia \u2013 ha spiegato padre  Cantalamessa \u2013 \u00e8 profondamente legata a tutti gli aspetti della vita e  in particolare al lavoro:<\/em><\/p>\n<p> <strong>\u201cL\u2019Eucaristia \u00e8 il frutto del  lavoro dell\u2019uomo ma non solo del lavoro agricolo, perch\u00e9 dal grano al  pane sull\u2019altare c\u2019\u00e8 di mezzo il trasporto, la trasformazione. Allora,  il lavoratore sa che sull\u2019altare arriva il frutto del suo lavoro, il suo  sudore va nel prodotto che finisce offerta a Dio: l\u2019Eucaristia\u201d.<\/strong><\/p>\n<p> <em>L\u2019Eucaristia  \u2013 ha concluso il predicatore della Casa Pontificia \u2013 \u00e8 nutrimento anche  per i giovani, soprattutto in un mondo dominato dalla  strumentalizzazione del corpo, visto \u201ccome strumento di piacere e di  sfruttamento\u201d. Il sacerdote pu\u00f2 insegnare ai giovani a non \u201cdare pi\u00f9 in  pasto\u201d il corpo alla concupiscenza:<\/em><\/p>\n<p> <strong>\u201cAiutandoli a vivere  l\u2019Eucaristia cos\u00ec, a offrire il loro corpo insieme con Ges\u00f9 nella messa.  Allora capiranno cosa vuole dire Paolo quando diceva: glorificate Dio  con il vostro corpo. Il corpo diventa non pi\u00f9 strumento di piacere da  vendere ma \u00e8 dono, offerta, nel matrimonio come mezzo di dialogo, di  trasmissione della vita; nella vita consacrata come sacrificio, offerta,  ai fratelli. Ecco, allora, tutta la vita veramente cambia\u201d.<\/strong><\/p>\n<p> <em>(Musica)<\/em><\/p>\n<p class=\"sito-web\" style=\"text-align: justify;\">Fonte: Radio Vaticana <\/p>\n","protected":false},"excerpt":{"rendered":"<p>L\u2019Eucaristia, seme della vita e della morte di Ges\u00f9, accompagni sacerdoti e laici durante tutta la vita. Nella seconda predica di Quaresima padre Raniero Cantalamessa ha dedicato la propria meditazione, alla presenza del Papa e della Curia Romana, alla figura del sacerdote e al dono dell\u2019Eucaristia. Il mistero sacerdotale &#8211; ha detto il predicatore della&#8230;<\/p>\n","protected":false},"author":3,"featured_media":0,"comment_status":"closed","ping_status":"closed","sticky":false,"template":"","format":"standard","meta":{"_kad_post_transparent":"","_kad_post_title":"","_kad_post_layout":"","_kad_post_sidebar_id":"","_kad_post_content_style":"","_kad_post_vertical_padding":"","_kad_post_feature":"","_kad_post_feature_position":"","_kad_post_header":false,"_kad_post_footer":false,"_kad_post_classname":"","footnotes":""},"categories":[100,4],"tags":[330,174,27],"class_list":["post-229761","post","type-post","status-publish","format-standard","hentry","category-100","category-audio-cattolici","tag-predicazioni","tag-quaresima","tag-radio-vaticana"],"_links":{"self":[{"href":"https:\/\/archivio.cercoiltuovolto.it\/index.php?rest_route=\/wp\/v2\/posts\/229761","targetHints":{"allow":["GET"]}}],"collection":[{"href":"https:\/\/archivio.cercoiltuovolto.it\/index.php?rest_route=\/wp\/v2\/posts"}],"about":[{"href":"https:\/\/archivio.cercoiltuovolto.it\/index.php?rest_route=\/wp\/v2\/types\/post"}],"author":[{"embeddable":true,"href":"https:\/\/archivio.cercoiltuovolto.it\/index.php?rest_route=\/wp\/v2\/users\/3"}],"replies":[{"embeddable":true,"href":"https:\/\/archivio.cercoiltuovolto.it\/index.php?rest_route=%2Fwp%2Fv2%2Fcomments&post=229761"}],"version-history":[{"count":1,"href":"https:\/\/archivio.cercoiltuovolto.it\/index.php?rest_route=\/wp\/v2\/posts\/229761\/revisions"}],"predecessor-version":[{"id":229995,"href":"https:\/\/archivio.cercoiltuovolto.it\/index.php?rest_route=\/wp\/v2\/posts\/229761\/revisions\/229995"}],"wp:attachment":[{"href":"https:\/\/archivio.cercoiltuovolto.it\/index.php?rest_route=%2Fwp%2Fv2%2Fmedia&parent=229761"}],"wp:term":[{"taxonomy":"category","embeddable":true,"href":"https:\/\/archivio.cercoiltuovolto.it\/index.php?rest_route=%2Fwp%2Fv2%2Fcategories&post=229761"},{"taxonomy":"post_tag","embeddable":true,"href":"https:\/\/archivio.cercoiltuovolto.it\/index.php?rest_route=%2Fwp%2Fv2%2Ftags&post=229761"}],"curies":[{"name":"wp","href":"https:\/\/api.w.org\/{rel}","templated":true}]}}