{"id":229755,"date":"2010-03-14T20:59:35","date_gmt":"2010-03-14T20:59:35","guid":{"rendered":"https:\/\/archivio.cercoiltuovolto.it\/?p=229755"},"modified":"2026-07-03T12:11:30","modified_gmt":"2026-07-03T12:11:30","slug":"angelus-del-14-marzo-2010-in-mp3","status":"publish","type":"post","link":"https:\/\/archivio.cercoiltuovolto.it\/?p=229755","title":{"rendered":"Angelus del 14 marzo 2010 in mp3"},"content":{"rendered":"<p><em><a href=\"http:\/\/www.cercoiltuovolto.it\/\/wp-content\/uploads\/2010\/03\/angelus.jpg\"><img loading=\"lazy\" decoding=\"async\" class=\"alignleft size-medium wp-image-10713\" title=\"angelus\" src=\"http:\/\/www.cercoiltuovolto.it\/\/wp-content\/uploads\/2010\/03\/angelus-199x300.jpg\" alt=\"\" width=\"199\" height=\"300\" \/><\/a>Cari fratelli e sorelle<\/em>!<\/p>\n<p style=\"text-align: justify;\">In questa quarta domenica di  <a href=\"http:\/\/www.vatican.va\/liturgical_year\/lent\/2010\/index_it.htm\">Quaresima<\/a> viene proclamato il Vangelo del padre e  dei due figli, pi\u00f9 noto come parabola del \u201cfiglio prodigo\u201d (<em>Lc<\/em> 15,11-32).  Questa pagina di san Luca costituisce un vertice della spiritualit\u00e0 e  della  letteratura di tutti i tempi. Infatti, che cosa sarebbero la nostra  cultura,  l\u2019arte, e pi\u00f9 in generale la nostra civilt\u00e0 senza questa rivelazione di  un Dio  Padre pieno di misericordia? Essa non smette mai di commuoverci, e ogni  volta  che l\u2019ascoltiamo o la leggiamo \u00e8 in grado di suggerirci sempre nuovi  significati. Soprattutto, questo testo evangelico ha il potere di  parlarci di  Dio, di farci conoscere il suo volto, meglio ancora, il suo cuore. Dopo  che Ges\u00f9  ci ha raccontato del Padre misericordioso, le cose non sono pi\u00f9 come  prima,  adesso Dio lo conosciamo: Egli \u00e8 il nostro Padre, che per amore ci ha  creati  liberi e dotati di coscienza, che soffre se ci perdiamo e che fa festa  se  ritorniamo. Per questo, la relazione con Lui si costruisce attraverso  una  storia, analogamente a quanto accade ad ogni figlio con i propri  genitori:  all\u2019inizio dipende da loro; poi rivendica la propria autonomia; e infine  \u2013 se vi  \u00e8 un positivo sviluppo \u2013 arriva ad un rapporto maturo, basato sulla  riconoscenza  e sull\u2019amore autentico.<\/p>\n<p>[<a href=\"http:\/\/www.vatican.va\/holy_father\/benedict_xvi\/angelus\/2010\/documents\/hf_ben-xvi_ang_20100314_it.html\" target=\"_blank\">Leggi tutto il messaggio<\/a>]\u00a0<em>\u00a9 Copyright 2010 &#8211; Libreria  Editrice Vaticana<\/em><\/p>\n<div class=\"powerpressbox\">[powerpress]<\/div>\n<p class=\"lampadina\">Link al video ufficiale (richiede Apple Quick Time)<\/p>\n<p style=\"text-align: justify;\"><img loading=\"lazy\" decoding=\"async\" style=\"vertical-align: middle; border: 0px none currentColor;\" title=\"Link\" src=\"http:\/\/www.cercoiltuovolto.it\/\/images\/web.png\" alt=\"Link\" width=\"24\" height=\"24\" \/> <strong>Fonte<\/strong>: Radio Vaticana via FeedRss | <strong>Fotografia<\/strong>: <a href=\"https:\/\/www.photo.va\/\" target=\"_blank\">Osservatore Romano<br \/>\n <\/a><span style=\"font-size: xx-small;\"><em>(The content of this podcast is copyrighted by Vatican Radio which, according to  its statute, is entrusted to manage and protect the sound recordings of the  Roman Pontiff, ensuring that their pastoral character and intellectual  property&#8217;s rights are protected when used by third parties. The content of this  podcast is made available only for personal and private use and cannot be  exploited for commercial purposes, without prior written authorization by  Vatican Radio. For further information, please contact the International  Relation Office at relint@vatiradio.va)<\/em><\/span><\/p>\n","protected":false},"excerpt":{"rendered":"<p>Cari fratelli e sorelle! In questa quarta domenica di Quaresima viene proclamato il Vangelo del padre e dei due figli, pi\u00f9 noto come parabola del \u201cfiglio prodigo\u201d (Lc 15,11-32). Questa pagina di san Luca costituisce un vertice della spiritualit\u00e0 e della letteratura di tutti i tempi. Infatti, che cosa sarebbero la nostra cultura, l\u2019arte, e&#8230;<\/p>\n","protected":false},"author":3,"featured_media":0,"comment_status":"closed","ping_status":"closed","sticky":false,"template":"","format":"standard","meta":{"_kad_post_transparent":"","_kad_post_title":"","_kad_post_layout":"","_kad_post_sidebar_id":"","_kad_post_content_style":"","_kad_post_vertical_padding":"","_kad_post_feature":"","_kad_post_feature_position":"","_kad_post_header":false,"_kad_post_footer":false,"_kad_post_classname":"","footnotes":""},"categories":[100,114],"tags":[115,73,174],"class_list":["post-229755","post","type-post","status-publish","format-standard","hentry","category-100","category-angelus","tag-audio","tag-benedetto-xvi","tag-quaresima"],"_links":{"self":[{"href":"https:\/\/archivio.cercoiltuovolto.it\/index.php?rest_route=\/wp\/v2\/posts\/229755","targetHints":{"allow":["GET"]}}],"collection":[{"href":"https:\/\/archivio.cercoiltuovolto.it\/index.php?rest_route=\/wp\/v2\/posts"}],"about":[{"href":"https:\/\/archivio.cercoiltuovolto.it\/index.php?rest_route=\/wp\/v2\/types\/post"}],"author":[{"embeddable":true,"href":"https:\/\/archivio.cercoiltuovolto.it\/index.php?rest_route=\/wp\/v2\/users\/3"}],"replies":[{"embeddable":true,"href":"https:\/\/archivio.cercoiltuovolto.it\/index.php?rest_route=%2Fwp%2Fv2%2Fcomments&post=229755"}],"version-history":[{"count":1,"href":"https:\/\/archivio.cercoiltuovolto.it\/index.php?rest_route=\/wp\/v2\/posts\/229755\/revisions"}],"predecessor-version":[{"id":230000,"href":"https:\/\/archivio.cercoiltuovolto.it\/index.php?rest_route=\/wp\/v2\/posts\/229755\/revisions\/230000"}],"wp:attachment":[{"href":"https:\/\/archivio.cercoiltuovolto.it\/index.php?rest_route=%2Fwp%2Fv2%2Fmedia&parent=229755"}],"wp:term":[{"taxonomy":"category","embeddable":true,"href":"https:\/\/archivio.cercoiltuovolto.it\/index.php?rest_route=%2Fwp%2Fv2%2Fcategories&post=229755"},{"taxonomy":"post_tag","embeddable":true,"href":"https:\/\/archivio.cercoiltuovolto.it\/index.php?rest_route=%2Fwp%2Fv2%2Ftags&post=229755"}],"curies":[{"name":"wp","href":"https:\/\/api.w.org\/{rel}","templated":true}]}}