{"id":229718,"date":"2010-03-07T20:47:08","date_gmt":"2010-03-07T20:47:08","guid":{"rendered":"https:\/\/archivio.cercoiltuovolto.it\/?p=229718"},"modified":"2026-07-03T12:11:31","modified_gmt":"2026-07-03T12:11:31","slug":"angelus-del-7-marzo-2010-in-mp3","status":"publish","type":"post","link":"https:\/\/archivio.cercoiltuovolto.it\/?p=229718","title":{"rendered":"Angelus del 7 marzo 2010 in mp3"},"content":{"rendered":"<p><em><a href=\"http:\/\/www.cercoiltuovolto.it\/\/wp-content\/uploads\/2010\/03\/SS-Benedetto-XVI-Piazza-San-Pietro-Angelus-Domini-07-03-2010.jpg\"><img loading=\"lazy\" decoding=\"async\" class=\"alignleft size-medium wp-image-10584\" title=\"SS Benedetto XVI - Piazza San Pietro - Angelus Domini - 07-03-2010\" src=\"http:\/\/www.cercoiltuovolto.it\/\/wp-content\/uploads\/2010\/03\/SS-Benedetto-XVI-Piazza-San-Pietro-Angelus-Domini-07-03-2010-199x300.jpg\" alt=\"\" width=\"199\" height=\"300\" \/><\/a>Cari fratelli e sorelle<\/em>,<\/p>\n<p style=\"text-align: justify;\">la liturgia di questa terza domenica di  <a href=\"http:\/\/www.vatican.va\/liturgical_year\/lent\/2010\/index_it.htm\">Quaresima<\/a> ci presenta il tema della  conversione. Nella prima lettura, tratta dal <em>Libro dell\u2019Esodo<\/em>,  Mos\u00e8,  mentre pascola il gregge, vede un roveto in fiamme, che non si consuma.  Si  avvicina per osservare questo prodigio, quando una voce lo chiama per  nome e,  invitandolo a prendere coscienza della sua indegnit\u00e0, gli comanda di  togliersi i  sandali, perch\u00e9 quel luogo \u00e8 santo. \u201cIo sono il Dio di tuo padre \u2013 gli  dice la  voce \u2013 il Dio di Abramo, il Dio di Isacco, il Dio di Giacobbe\u201d; e  aggiunge: \u201cIo  sono Colui che sono!\u201d (<em>Es<\/em> 3,6a.14). Dio si manifesta in diversi  modi  anche nella vita di ciascuno di noi. Per poter riconoscere la sua  presenza \u00e8  per\u00f2 necessario che ci accostiamo a lui consapevoli della nostra miseria  e con  profondo rispetto. Diversamente ci rendiamo incapaci di incontrarlo e  di entrare in comunione con Lui. Come scrive l\u2019apostolo Paolo, anche  questa  vicenda \u00e8 raccontata per nostro ammonimento: essa ci ricorda che Dio si  rivela  non a quanti sono pervasi da sufficienza e leggerezza, ma a chi \u00e8 povero  ed  umile davanti a Lui.<\/p>\n<p>[<a href=\"http:\/\/www.vatican.va\/holy_father\/benedict_xvi\/angelus\/2010\/documents\/hf_ben-xvi_ang_20100307_it.html\" target=\"_blank\">Leggi tutto il messaggio<\/a>]\u00a0<em>\u00a9 Copyright 2010 &#8211; Libreria  Editrice Vaticana<\/em><\/p>\n<div class=\"powerpressbox\">[powerpress]<\/div>\n<p class=\"lampadina\">Link al video ufficiale (richiede Apple Quick Time)<\/p>\n<p style=\"text-align: justify;\"><img loading=\"lazy\" decoding=\"async\" style=\"vertical-align: middle; border: 0px none currentColor;\" title=\"Link\" src=\"http:\/\/www.cercoiltuovolto.it\/\/images\/web.png\" alt=\"Link\" width=\"24\" height=\"24\" \/> <strong>Fonte<\/strong>: Radio Vaticana via FeedRss | <strong>Fotografia<\/strong>: <a href=\"https:\/\/www.photo.va\/\" target=\"_blank\">Osservatore Romano<br \/>\n <\/a><span style=\"font-size: xx-small;\"><em>(The content of this podcast is copyrighted by Vatican Radio which, according to  its statute, is entrusted to manage and protect the sound recordings of the  Roman Pontiff, ensuring that their pastoral character and intellectual  property&#8217;s rights are protected when used by third parties. The content of this  podcast is made available only for personal and private use and cannot be  exploited for commercial purposes, without prior written authorization by  Vatican Radio. For further information, please contact the International  Relation Office at relint@vatiradio.va)<\/em><\/span><\/p>\n","protected":false},"excerpt":{"rendered":"<p>Cari fratelli e sorelle, la liturgia di questa terza domenica di Quaresima ci presenta il tema della conversione. Nella prima lettura, tratta dal Libro dell\u2019Esodo, Mos\u00e8, mentre pascola il gregge, vede un roveto in fiamme, che non si consuma. Si avvicina per osservare questo prodigio, quando una voce lo chiama per nome e, invitandolo a&#8230;<\/p>\n","protected":false},"author":3,"featured_media":0,"comment_status":"closed","ping_status":"closed","sticky":false,"template":"","format":"standard","meta":{"_kad_post_transparent":"","_kad_post_title":"","_kad_post_layout":"","_kad_post_sidebar_id":"","_kad_post_content_style":"","_kad_post_vertical_padding":"","_kad_post_feature":"","_kad_post_feature_position":"","_kad_post_header":false,"_kad_post_footer":false,"_kad_post_classname":"","footnotes":""},"categories":[100,114],"tags":[115,73],"class_list":["post-229718","post","type-post","status-publish","format-standard","hentry","category-100","category-angelus","tag-audio","tag-benedetto-xvi"],"_links":{"self":[{"href":"https:\/\/archivio.cercoiltuovolto.it\/index.php?rest_route=\/wp\/v2\/posts\/229718","targetHints":{"allow":["GET"]}}],"collection":[{"href":"https:\/\/archivio.cercoiltuovolto.it\/index.php?rest_route=\/wp\/v2\/posts"}],"about":[{"href":"https:\/\/archivio.cercoiltuovolto.it\/index.php?rest_route=\/wp\/v2\/types\/post"}],"author":[{"embeddable":true,"href":"https:\/\/archivio.cercoiltuovolto.it\/index.php?rest_route=\/wp\/v2\/users\/3"}],"replies":[{"embeddable":true,"href":"https:\/\/archivio.cercoiltuovolto.it\/index.php?rest_route=%2Fwp%2Fv2%2Fcomments&post=229718"}],"version-history":[{"count":1,"href":"https:\/\/archivio.cercoiltuovolto.it\/index.php?rest_route=\/wp\/v2\/posts\/229718\/revisions"}],"predecessor-version":[{"id":230038,"href":"https:\/\/archivio.cercoiltuovolto.it\/index.php?rest_route=\/wp\/v2\/posts\/229718\/revisions\/230038"}],"wp:attachment":[{"href":"https:\/\/archivio.cercoiltuovolto.it\/index.php?rest_route=%2Fwp%2Fv2%2Fmedia&parent=229718"}],"wp:term":[{"taxonomy":"category","embeddable":true,"href":"https:\/\/archivio.cercoiltuovolto.it\/index.php?rest_route=%2Fwp%2Fv2%2Fcategories&post=229718"},{"taxonomy":"post_tag","embeddable":true,"href":"https:\/\/archivio.cercoiltuovolto.it\/index.php?rest_route=%2Fwp%2Fv2%2Ftags&post=229718"}],"curies":[{"name":"wp","href":"https:\/\/api.w.org\/{rel}","templated":true}]}}