{"id":229672,"date":"2010-03-03T06:20:31","date_gmt":"2010-03-03T06:20:31","guid":{"rendered":"https:\/\/archivio.cercoiltuovolto.it\/?p=229672"},"modified":"2026-07-03T12:11:47","modified_gmt":"2026-07-03T12:11:47","slug":"a-mezza-voce-confidenze-di-un-giovane-prete","status":"publish","type":"post","link":"https:\/\/archivio.cercoiltuovolto.it\/?p=229672","title":{"rendered":"A mezza voce. Confidenze di un giovane prete"},"content":{"rendered":"<p style=\"text-align: justify;\"><a href=\"http:\/\/www.cercoiltuovolto.it\/\/wp-content\/uploads\/2010\/03\/A-mezza-voce.-Confidenze-di-un-giovane-prete.jpg\"><img loading=\"lazy\" decoding=\"async\" class=\"alignleft size-full wp-image-10398\" title=\"A mezza voce. Confidenze di un giovane prete\" src=\"http:\/\/www.cercoiltuovolto.it\/\/wp-content\/uploads\/2010\/03\/A-mezza-voce.-Confidenze-di-un-giovane-prete.jpg\" alt=\"\" width=\"179\" height=\"280\" \/><\/a>Le pagine di questo delizioso volume ci offrono il &#8221;diario di bordo&#8221; dei primi anni di ministero di un giovane prete. Non intendono tracciare un bilancio n\u00e9 impartire una lezione di vita. Restituiscono piuttosto, con spigliatezza e sincerit\u00e0, la fatica del loro Autore, tra piccoli fallimenti e iniziative portate a segno, di forgiare la propria umanit\u00e0 a misura di annunciatore del Vangelo. Pagina dopo pagina, confidenza dopo confidenza, il testo ci consegna il segreto di ogni autentica passione missionaria: mantenere fisso il proprio sguardo su quello del Buon Pastore.<\/p>\n<p style=\"text-align: justify;\"><strong>MARCO D&#8217;AGOSTINO<\/strong> \u00e8 prete dal 1995 e appartiene alla Diocesi di Cremona. Specializzato in Sacra Scrittura e laureato in lettere classiche, \u00e8 animatore del Seminario diocesano e responsabile del Centro Vocazioni. Insegna nel Liceo &#8221;Vida&#8221; di Cremona.<\/p>\n<blockquote>\n<h3>Ascolta l&#8217;intervento di <a href=\"http:\/\/www.radiovoce.it\/podcast_dettagli.php?get_id=3000\" target=\"_blank\">don Sergio Passeri da Radio Voce in Blu<\/a><\/h3>\n<p>[powerpress]<\/p>\n<\/blockquote>\n<p class=\"acquista-paragrafo\"><a href=\"http:\/\/www.libreriadelsanto.it\/libri\/9788830810235\/a-mezza-voce-confidenze-di-un-giovane-prete.html?p=sot\" target=\"_blank\">Acquista il libro<\/a> su Libreria del Santo<\/p>\n","protected":false},"excerpt":{"rendered":"<p>Le pagine di questo delizioso volume ci offrono il &#8221;diario di bordo&#8221; dei primi anni di ministero di un giovane prete. Non intendono tracciare un bilancio n\u00e9 impartire una lezione di vita. Restituiscono piuttosto, con spigliatezza e sincerit\u00e0, la fatica del loro Autore, tra piccoli fallimenti e iniziative portate a segno, di forgiare la propria&#8230;<\/p>\n","protected":false},"author":3,"featured_media":0,"comment_status":"closed","ping_status":"closed","sticky":false,"template":"","format":"standard","meta":{"_kad_post_transparent":"","_kad_post_title":"","_kad_post_layout":"","_kad_post_sidebar_id":"","_kad_post_content_style":"","_kad_post_vertical_padding":"","_kad_post_feature":"","_kad_post_feature_position":"","_kad_post_header":false,"_kad_post_footer":false,"_kad_post_classname":"","footnotes":""},"categories":[100,3],"tags":[17,79],"class_list":["post-229672","post","type-post","status-publish","format-standard","hentry","category-100","category-libri","tag-libri","tag-persone"],"_links":{"self":[{"href":"https:\/\/archivio.cercoiltuovolto.it\/index.php?rest_route=\/wp\/v2\/posts\/229672","targetHints":{"allow":["GET"]}}],"collection":[{"href":"https:\/\/archivio.cercoiltuovolto.it\/index.php?rest_route=\/wp\/v2\/posts"}],"about":[{"href":"https:\/\/archivio.cercoiltuovolto.it\/index.php?rest_route=\/wp\/v2\/types\/post"}],"author":[{"embeddable":true,"href":"https:\/\/archivio.cercoiltuovolto.it\/index.php?rest_route=\/wp\/v2\/users\/3"}],"replies":[{"embeddable":true,"href":"https:\/\/archivio.cercoiltuovolto.it\/index.php?rest_route=%2Fwp%2Fv2%2Fcomments&post=229672"}],"version-history":[{"count":1,"href":"https:\/\/archivio.cercoiltuovolto.it\/index.php?rest_route=\/wp\/v2\/posts\/229672\/revisions"}],"predecessor-version":[{"id":230080,"href":"https:\/\/archivio.cercoiltuovolto.it\/index.php?rest_route=\/wp\/v2\/posts\/229672\/revisions\/230080"}],"wp:attachment":[{"href":"https:\/\/archivio.cercoiltuovolto.it\/index.php?rest_route=%2Fwp%2Fv2%2Fmedia&parent=229672"}],"wp:term":[{"taxonomy":"category","embeddable":true,"href":"https:\/\/archivio.cercoiltuovolto.it\/index.php?rest_route=%2Fwp%2Fv2%2Fcategories&post=229672"},{"taxonomy":"post_tag","embeddable":true,"href":"https:\/\/archivio.cercoiltuovolto.it\/index.php?rest_route=%2Fwp%2Fv2%2Ftags&post=229672"}],"curies":[{"name":"wp","href":"https:\/\/api.w.org\/{rel}","templated":true}]}}