{"id":229659,"date":"2010-02-27T12:03:36","date_gmt":"2010-02-27T12:03:36","guid":{"rendered":"https:\/\/archivio.cercoiltuovolto.it\/?p=229659"},"modified":"2026-07-03T12:11:47","modified_gmt":"2026-07-03T12:11:47","slug":"commento-al-vangelo-del-28-febbraio-2010-p-massimo-granieri","status":"publish","type":"post","link":"https:\/\/archivio.cercoiltuovolto.it\/?p=229659","title":{"rendered":"Commento al Vangelo del 28 febbraio 2010 &#8211; p. Massimo Granieri"},"content":{"rendered":"<p style=\"text-align: justify;\">Il commento di\u00a0 padre Massimo Granieri al Vangelo della domenica.<\/p>\n<blockquote>\n<p><strong>VANGELO Lc 9,28b-36<\/strong><\/p>\n<p>In quel tempo, Ges\u00f9, prese con s\u00e9  Pietro, Giovanni e Giacomo e sal\u00ec sul monte a pregare. E, mentre  pregava, il suo volto cambi\u00f2 d\u2019aspetto e la sua veste divenne candida e  sfolgorante. Ed ecco due uomini parlavano con lui: erano Mos\u00e8 ed Elia,  apparsi nella loro gloria, e parlavano della sua dipartita che avrebbe  portato a compimento a Gerusalemme.<\/p>\n<p>Pietro e i suoi compagni erano oppressi  dal sonno; tuttavia restarono svegli e videro la sua gloria e i due  uomini che stavano con lui.<\/p>\n<p>Mentre questi si separavano da lui,  Pietro disse a Ges\u00f9: \u00abMaestro, \u00e8 bello per noi stare qui. Facciamo tre  tende, una per te, una per Mos\u00e8 e una per Elia\u00bb. Egli non sapeva quel  che diceva. Mentre parlava cos\u00ec, venne una nube e li avvolse;  all\u2019entrare in quella nube, ebbero paura. E dalla nube usc\u00ec una voce,  che diceva: \u00abQuesti \u00e8 il Figlio mio, l\u2019eletto; ascoltatelo\u00bb. Appena la  voce cess\u00f2, Ges\u00f9 rest\u00f2 solo. Essi tacquero e in quei giorni non  riferirono a nessuno ci\u00f2 che avevano visto.<\/p>\n<\/blockquote>\n<div class=\"powerpressbox\">[powerpress]<\/div>\n","protected":false},"excerpt":{"rendered":"<p>Il commento di\u00a0 padre Massimo Granieri al Vangelo della domenica. VANGELO Lc 9,28b-36 In quel tempo, Ges\u00f9, prese con s\u00e9 Pietro, Giovanni e Giacomo e sal\u00ec sul monte a pregare. E, mentre pregava, il suo volto cambi\u00f2 d\u2019aspetto e la sua veste divenne candida e sfolgorante. Ed ecco due uomini parlavano con lui: erano Mos\u00e8&#8230;<\/p>\n","protected":false},"author":3,"featured_media":0,"comment_status":"closed","ping_status":"closed","sticky":false,"template":"","format":"standard","meta":{"_kad_post_transparent":"","_kad_post_title":"","_kad_post_layout":"","_kad_post_sidebar_id":"","_kad_post_content_style":"","_kad_post_vertical_padding":"","_kad_post_feature":"","_kad_post_feature_position":"","_kad_post_header":false,"_kad_post_footer":false,"_kad_post_classname":"","footnotes":""},"categories":[100,4],"tags":[5,174,31],"class_list":["post-229659","post","type-post","status-publish","format-standard","hentry","category-100","category-audio-cattolici","tag-commento-al-vangelo","tag-quaresima","tag-radio-nel-web"],"_links":{"self":[{"href":"https:\/\/archivio.cercoiltuovolto.it\/index.php?rest_route=\/wp\/v2\/posts\/229659","targetHints":{"allow":["GET"]}}],"collection":[{"href":"https:\/\/archivio.cercoiltuovolto.it\/index.php?rest_route=\/wp\/v2\/posts"}],"about":[{"href":"https:\/\/archivio.cercoiltuovolto.it\/index.php?rest_route=\/wp\/v2\/types\/post"}],"author":[{"embeddable":true,"href":"https:\/\/archivio.cercoiltuovolto.it\/index.php?rest_route=\/wp\/v2\/users\/3"}],"replies":[{"embeddable":true,"href":"https:\/\/archivio.cercoiltuovolto.it\/index.php?rest_route=%2Fwp%2Fv2%2Fcomments&post=229659"}],"version-history":[{"count":1,"href":"https:\/\/archivio.cercoiltuovolto.it\/index.php?rest_route=\/wp\/v2\/posts\/229659\/revisions"}],"predecessor-version":[{"id":230096,"href":"https:\/\/archivio.cercoiltuovolto.it\/index.php?rest_route=\/wp\/v2\/posts\/229659\/revisions\/230096"}],"wp:attachment":[{"href":"https:\/\/archivio.cercoiltuovolto.it\/index.php?rest_route=%2Fwp%2Fv2%2Fmedia&parent=229659"}],"wp:term":[{"taxonomy":"category","embeddable":true,"href":"https:\/\/archivio.cercoiltuovolto.it\/index.php?rest_route=%2Fwp%2Fv2%2Fcategories&post=229659"},{"taxonomy":"post_tag","embeddable":true,"href":"https:\/\/archivio.cercoiltuovolto.it\/index.php?rest_route=%2Fwp%2Fv2%2Ftags&post=229659"}],"curies":[{"name":"wp","href":"https:\/\/api.w.org\/{rel}","templated":true}]}}