{"id":229634,"date":"2010-02-23T10:06:15","date_gmt":"2010-02-23T10:06:15","guid":{"rendered":"https:\/\/archivio.cercoiltuovolto.it\/?p=229634"},"modified":"2026-07-03T12:11:47","modified_gmt":"2026-07-03T12:11:47","slug":"riflessione-sul-vangelo-ii-domenica-di-quaresima-c-28-febbraio-2010","status":"publish","type":"post","link":"https:\/\/archivio.cercoiltuovolto.it\/?p=229634","title":{"rendered":"Riflessione sul Vangelo: II domenica di Quaresima (C) &#8211; 28 febbraio 2010"},"content":{"rendered":"<figure id=\"attachment_10254\" aria-describedby=\"caption-attachment-10254\" style=\"width: 536px\" class=\"wp-caption alignnone\"><a href=\"http:\/\/www.cercoiltuovolto.it\/\/wp-content\/uploads\/2010\/02\/la-trasfigurazione.jpg\"><img loading=\"lazy\" decoding=\"async\" class=\"size-full wp-image-10254\" title=\"la trasfigurazione\" src=\"http:\/\/www.cercoiltuovolto.it\/\/wp-content\/uploads\/2010\/02\/la-trasfigurazione.jpg\" alt=\"\" width=\"536\" height=\"344\" \/><\/a><figcaption id=\"caption-attachment-10254\" class=\"wp-caption-text\">JOHN ARMSTRONG ARA (1893-1973)<\/figcaption><\/figure>\n<p>&#8220;<em>La Parola di Dio<\/em>&#8220;, canale YouTube del prolifico Don Mauro di <strong>graficapastorale.it<\/strong>, propone una riflessione sul brano del Vangelo di domenica prossima,<em><strong> Lc 9, 28-36.<\/strong><\/em><\/p>\n<p style=\"text-align: center;\">\n<blockquote>\n<p style=\"text-align: justify;\"><strong>Lc 9, 28-36<br \/>\nDal Vangelo secondo Luca<\/p>\n<p><\/strong>\u2021 In quel tempo Ges\u00f9 prese con s\u00e9 Pietro, Giovanni e Giacomo e sal\u00ec sul monte a pregare. E, mentre pregava, il suo volto cambi\u00f2 d\u2019aspetto e la sua veste divenne candida e sfolgorante. Ed ecco due uomini parlavano con lui: erano Mos\u00e8 ed Elia, apparsi nella loro gloria, e parlavano della sua dipartita che avrebbe portato a compimento a Gerusalemme. Pietro e i suoi compagni erano oppressi dal sonno; tuttavia restarono svegli e videro la sua gloria e i due uomini che stavano con lui. <br \/>\nMentre questi si separavano da lui, Pietro disse a Ges\u00f9: \u00abMaestro, \u00e8 bello per noi stare qui. Facciamo tre tende, una per te, una per Mos\u00e8 e una per Elia\u00bb . Egli non sapeva quel che diceva. <br \/>\nMentre parlava cos\u00ec, venne una nube e li avvolse; all\u2019entrare in quella nube, ebbero paura. <br \/>\nE dalla nube usc\u00ec una voce, che diceva: \u00abQuesti \u00e8 il Figlio mio, l\u2019eletto; ascoltatelo\u00bb . Appena la voce cess\u00f2, Ges\u00f9 rest\u00f2 solo. Essi tacquero e in quei giorni non riferirono a nessuno ci\u00f2 che avevano visto.<\/p>\n<p>C: Parola del Signore.<br \/>\nA: Lode a Te o Cristo.<strong><br \/>\n<\/strong><\/p>\n<\/blockquote>\n","protected":false},"excerpt":{"rendered":"<p>&#8220;La Parola di Dio&#8220;, canale YouTube del prolifico Don Mauro di graficapastorale.it, propone una riflessione sul brano del Vangelo di domenica prossima, Lc 9, 28-36. Lc 9, 28-36 Dal Vangelo secondo Luca \u2021 In quel tempo Ges\u00f9 prese con s\u00e9 Pietro, Giovanni e Giacomo e sal\u00ec sul monte a pregare. E, mentre pregava, il suo&#8230;<\/p>\n","protected":false},"author":3,"featured_media":0,"comment_status":"closed","ping_status":"closed","sticky":false,"template":"","format":"standard","meta":{"_kad_post_transparent":"","_kad_post_title":"","_kad_post_layout":"","_kad_post_sidebar_id":"","_kad_post_content_style":"","_kad_post_vertical_padding":"","_kad_post_feature":"","_kad_post_feature_position":"","_kad_post_header":false,"_kad_post_footer":false,"_kad_post_classname":"","footnotes":""},"categories":[100,147],"tags":[174,172,113],"class_list":["post-229634","post","type-post","status-publish","format-standard","hentry","category-100","category-commento-al-vangelo","tag-quaresima","tag-vangelo-della-domenica","tag-video"],"_links":{"self":[{"href":"https:\/\/archivio.cercoiltuovolto.it\/index.php?rest_route=\/wp\/v2\/posts\/229634","targetHints":{"allow":["GET"]}}],"collection":[{"href":"https:\/\/archivio.cercoiltuovolto.it\/index.php?rest_route=\/wp\/v2\/posts"}],"about":[{"href":"https:\/\/archivio.cercoiltuovolto.it\/index.php?rest_route=\/wp\/v2\/types\/post"}],"author":[{"embeddable":true,"href":"https:\/\/archivio.cercoiltuovolto.it\/index.php?rest_route=\/wp\/v2\/users\/3"}],"replies":[{"embeddable":true,"href":"https:\/\/archivio.cercoiltuovolto.it\/index.php?rest_route=%2Fwp%2Fv2%2Fcomments&post=229634"}],"version-history":[{"count":1,"href":"https:\/\/archivio.cercoiltuovolto.it\/index.php?rest_route=\/wp\/v2\/posts\/229634\/revisions"}],"predecessor-version":[{"id":230123,"href":"https:\/\/archivio.cercoiltuovolto.it\/index.php?rest_route=\/wp\/v2\/posts\/229634\/revisions\/230123"}],"wp:attachment":[{"href":"https:\/\/archivio.cercoiltuovolto.it\/index.php?rest_route=%2Fwp%2Fv2%2Fmedia&parent=229634"}],"wp:term":[{"taxonomy":"category","embeddable":true,"href":"https:\/\/archivio.cercoiltuovolto.it\/index.php?rest_route=%2Fwp%2Fv2%2Fcategories&post=229634"},{"taxonomy":"post_tag","embeddable":true,"href":"https:\/\/archivio.cercoiltuovolto.it\/index.php?rest_route=%2Fwp%2Fv2%2Ftags&post=229634"}],"curies":[{"name":"wp","href":"https:\/\/api.w.org\/{rel}","templated":true}]}}