{"id":229620,"date":"2010-02-20T23:16:44","date_gmt":"2010-02-20T23:16:44","guid":{"rendered":"https:\/\/archivio.cercoiltuovolto.it\/?p=229620"},"modified":"2026-07-03T12:11:48","modified_gmt":"2026-07-03T12:11:48","slug":"uomini-e-profeti-leggere-la-bibbia-il-conflitto-delle-interpretazioni-quinta-puntata","status":"publish","type":"post","link":"https:\/\/archivio.cercoiltuovolto.it\/?p=229620","title":{"rendered":"Uomini e Profeti: Leggere la Bibbia \u2013 &#8220;Il conflitto delle interpretazioni&#8221; &#8211; quinta puntata"},"content":{"rendered":"<p style=\"text-align: left;\">14 febbraio 2010 &#8211; &#8220;Il conflitto delle interpretazioni&#8221;  con Enzo Bianchi, priore della <a href=\"http:\/\/www.monasterodibose.it\/\">Comunit\u00e0  di Bose<\/a>.<\/p>\n<p>Letture:<\/p>\n<ul>\n<li>Emmanuel L\u00e9vinas,   La difficile libert\u00e0. Saggi sul giudaismo, Jaca Book<\/li>\n<li>Paolo De Benedetti, Ci\u00f2 che tarda avverr\u00e0,  Edizioni Qiqajon<\/li>\n<li>Dietrich Bonhoeffer, Risposta alle nostre domande. Pensieri sulla Bibbia, Queriniana<\/li>\n<\/ul>\n<p class=\"sito-web\">Fonte: <a href=\"http:\/\/www.uominieprofeti.rai.it\/dl\/radio3\/programmi\/puntata\/ContentItem-117876b6-4102-4ee2-bdaa-0e06ca95e0a8.html\" target=\"_blank\">Radio Rai 3<\/a><\/p>\n<p class=\"cassetta\"><a href=\"http:\/\/cid-7e678cf4a2bd73de.skydrive.live.com\/browse.aspx\/.Public\/Radio%20Rai\/Lettura%20della%20Bibbia%202010%20-%20Uomini%20e%20Profeti%20-%20Radio%20Rai%203\" target=\"_blank\">Mirror per il file mp3<\/a> (<em><span style=\"color: #ff0000;\">in caso di mancato funzionamento del podcast RAI<\/span><\/em>)<\/p>\n","protected":false},"excerpt":{"rendered":"<p>14 febbraio 2010 &#8211; &#8220;Il conflitto delle interpretazioni&#8221; con Enzo Bianchi, priore della Comunit\u00e0 di Bose. Letture: Emmanuel L\u00e9vinas, La difficile libert\u00e0. Saggi sul giudaismo, Jaca Book Paolo De Benedetti, Ci\u00f2 che tarda avverr\u00e0, Edizioni Qiqajon Dietrich Bonhoeffer, Risposta alle nostre domande. Pensieri sulla Bibbia, Queriniana Fonte: Radio Rai 3 Mirror per il file mp3&#8230;<\/p>\n","protected":false},"author":3,"featured_media":0,"comment_status":"closed","ping_status":"closed","sticky":false,"template":"","format":"standard","meta":{"_kad_post_transparent":"","_kad_post_title":"","_kad_post_layout":"","_kad_post_sidebar_id":"","_kad_post_content_style":"","_kad_post_vertical_padding":"","_kad_post_feature":"","_kad_post_feature_position":"","_kad_post_header":false,"_kad_post_footer":false,"_kad_post_classname":"","footnotes":""},"categories":[100,4],"tags":[23,31],"class_list":["post-229620","post","type-post","status-publish","format-standard","hentry","category-100","category-audio-cattolici","tag-bibbia","tag-radio-nel-web"],"_links":{"self":[{"href":"https:\/\/archivio.cercoiltuovolto.it\/index.php?rest_route=\/wp\/v2\/posts\/229620","targetHints":{"allow":["GET"]}}],"collection":[{"href":"https:\/\/archivio.cercoiltuovolto.it\/index.php?rest_route=\/wp\/v2\/posts"}],"about":[{"href":"https:\/\/archivio.cercoiltuovolto.it\/index.php?rest_route=\/wp\/v2\/types\/post"}],"author":[{"embeddable":true,"href":"https:\/\/archivio.cercoiltuovolto.it\/index.php?rest_route=\/wp\/v2\/users\/3"}],"replies":[{"embeddable":true,"href":"https:\/\/archivio.cercoiltuovolto.it\/index.php?rest_route=%2Fwp%2Fv2%2Fcomments&post=229620"}],"version-history":[{"count":1,"href":"https:\/\/archivio.cercoiltuovolto.it\/index.php?rest_route=\/wp\/v2\/posts\/229620\/revisions"}],"predecessor-version":[{"id":230139,"href":"https:\/\/archivio.cercoiltuovolto.it\/index.php?rest_route=\/wp\/v2\/posts\/229620\/revisions\/230139"}],"wp:attachment":[{"href":"https:\/\/archivio.cercoiltuovolto.it\/index.php?rest_route=%2Fwp%2Fv2%2Fmedia&parent=229620"}],"wp:term":[{"taxonomy":"category","embeddable":true,"href":"https:\/\/archivio.cercoiltuovolto.it\/index.php?rest_route=%2Fwp%2Fv2%2Fcategories&post=229620"},{"taxonomy":"post_tag","embeddable":true,"href":"https:\/\/archivio.cercoiltuovolto.it\/index.php?rest_route=%2Fwp%2Fv2%2Ftags&post=229620"}],"curies":[{"name":"wp","href":"https:\/\/api.w.org\/{rel}","templated":true}]}}