{"id":229609,"date":"2010-02-20T12:29:17","date_gmt":"2010-02-20T12:29:17","guid":{"rendered":"https:\/\/archivio.cercoiltuovolto.it\/?p=229609"},"modified":"2026-07-03T12:11:48","modified_gmt":"2026-07-03T12:11:48","slug":"commento-al-vangelo-del-21-febbraio-2010-p-massimo-granieri","status":"publish","type":"post","link":"https:\/\/archivio.cercoiltuovolto.it\/?p=229609","title":{"rendered":"Commento al Vangelo del 21 febbraio 2010 &#8211; p. Massimo Granieri"},"content":{"rendered":"<p style=\"text-align: justify;\">Il commento di\u00a0 padre Massimo Granieri al Vangelo della domenica.<\/p>\n<blockquote>\n<p><strong>VANGELO (Lc 4,1-13)<\/strong><\/p>\n<p>In quel tempo, Ges\u00f9, pieno di Spirito  Santo, si allontan\u00f2 dal Giordano e fu condotto dallo Spirito nel deserto  dove, per quaranta giorni, fu tentato dal diavolo. Non mangi\u00f2 nulla in  quei giorni; ma quando furono terminati ebbe fame. Allora il diavolo gli  disse: \u201cSe tu sei Figlio di Dio, di\u2019 a questa pietra che diventi pane\u201d.  Ges\u00f9 gli rispose: \u201cSta scritto: \u201cNon di solo pane vivr\u00e0 l\u2019uomo\u201d.<\/p>\n<p>Il diavolo lo condusse in alto, e  mostrandogli in un istante tutti i regni della terra, gli disse: \u201cTi  dar\u00f2 tutta questa potenza e la gloria di questi regni, perch\u00e9 \u00e8 stata  messa nelle mie mani e io la d\u00f2 a chi voglio. Se ti prostri dinanzi a  me, tutto sar\u00e0 tuo\u201d. Ges\u00f9 gli rispose: \u201cSta scritto: \u201cSolo al Signore  Dio tuo ti prostrerai, lui solo adorerai\u201d.<\/p>\n<p>Lo condusse a Gerusalemme, lo pose sul  pinnacolo del tempio e gli disse: \u201cSe tu sei Figlio di Dio, buttati gi\u00f9;  sta scritto infatti: \u201cAi suoi angeli dar\u00e0 ordine per te, perch\u00e9 essi ti  custodiscano\u201d; e anche: \u201cEssi ti sosterranno con le mani, perch\u00e9 il tuo  piede non inciampi in una pietra\u201d. Ges\u00f9 gli rispose: \u201c\u00c8 stato detto:  \u201cNon tenterai il Signore Dio tuo\u201d.<\/p>\n<p>Dopo aver esaurito ogni specie di  tentazione, il diavolo si allontan\u00f2 da lui per ritornare al tempo  fissato.<\/p>\n<\/blockquote>\n<div class=\"powerpressbox\">[powerpress]<\/div>\n","protected":false},"excerpt":{"rendered":"<p>Il commento di\u00a0 padre Massimo Granieri al Vangelo della domenica. VANGELO (Lc 4,1-13) In quel tempo, Ges\u00f9, pieno di Spirito Santo, si allontan\u00f2 dal Giordano e fu condotto dallo Spirito nel deserto dove, per quaranta giorni, fu tentato dal diavolo. Non mangi\u00f2 nulla in quei giorni; ma quando furono terminati ebbe fame. Allora il diavolo&#8230;<\/p>\n","protected":false},"author":3,"featured_media":0,"comment_status":"closed","ping_status":"closed","sticky":false,"template":"","format":"standard","meta":{"_kad_post_transparent":"","_kad_post_title":"","_kad_post_layout":"","_kad_post_sidebar_id":"","_kad_post_content_style":"","_kad_post_vertical_padding":"","_kad_post_feature":"","_kad_post_feature_position":"","_kad_post_header":false,"_kad_post_footer":false,"_kad_post_classname":"","footnotes":""},"categories":[100,4],"tags":[5,174,31],"class_list":["post-229609","post","type-post","status-publish","format-standard","hentry","category-100","category-audio-cattolici","tag-commento-al-vangelo","tag-quaresima","tag-radio-nel-web"],"_links":{"self":[{"href":"https:\/\/archivio.cercoiltuovolto.it\/index.php?rest_route=\/wp\/v2\/posts\/229609","targetHints":{"allow":["GET"]}}],"collection":[{"href":"https:\/\/archivio.cercoiltuovolto.it\/index.php?rest_route=\/wp\/v2\/posts"}],"about":[{"href":"https:\/\/archivio.cercoiltuovolto.it\/index.php?rest_route=\/wp\/v2\/types\/post"}],"author":[{"embeddable":true,"href":"https:\/\/archivio.cercoiltuovolto.it\/index.php?rest_route=\/wp\/v2\/users\/3"}],"replies":[{"embeddable":true,"href":"https:\/\/archivio.cercoiltuovolto.it\/index.php?rest_route=%2Fwp%2Fv2%2Fcomments&post=229609"}],"version-history":[{"count":1,"href":"https:\/\/archivio.cercoiltuovolto.it\/index.php?rest_route=\/wp\/v2\/posts\/229609\/revisions"}],"predecessor-version":[{"id":230148,"href":"https:\/\/archivio.cercoiltuovolto.it\/index.php?rest_route=\/wp\/v2\/posts\/229609\/revisions\/230148"}],"wp:attachment":[{"href":"https:\/\/archivio.cercoiltuovolto.it\/index.php?rest_route=%2Fwp%2Fv2%2Fmedia&parent=229609"}],"wp:term":[{"taxonomy":"category","embeddable":true,"href":"https:\/\/archivio.cercoiltuovolto.it\/index.php?rest_route=%2Fwp%2Fv2%2Fcategories&post=229609"},{"taxonomy":"post_tag","embeddable":true,"href":"https:\/\/archivio.cercoiltuovolto.it\/index.php?rest_route=%2Fwp%2Fv2%2Ftags&post=229609"}],"curies":[{"name":"wp","href":"https:\/\/api.w.org\/{rel}","templated":true}]}}