{"id":229568,"date":"2010-02-12T14:29:41","date_gmt":"2010-02-12T14:29:41","guid":{"rendered":"https:\/\/archivio.cercoiltuovolto.it\/?p=229568"},"modified":"2026-07-03T12:12:01","modified_gmt":"2026-07-03T12:12:01","slug":"video-commento-al-vangelo-del-14-febbraio-2010-paolo-curtaz","status":"publish","type":"post","link":"https:\/\/archivio.cercoiltuovolto.it\/?p=229568","title":{"rendered":"Video commento al Vangelo del 14 febbraio 2010 &#8211; Paolo Curtaz"},"content":{"rendered":"<p style=\"text-align: justify;\">VI DOMENICA DEL TEMPO ORDINARIO &#8211; Anno C<\/p>\n<ul style=\"text-align: justify;\">\n<li>Prima lettura: Ger 17,5-8 <\/li>\n<li>Salmo Responsoriale Dal salmo 1 <\/li>\n<li>Seconda lettura: 1 Cor 15,12.16-20 <\/li>\n<li>Vangelo: Lc 6,17.20-26 <\/li>\n<\/ul>\n<p style=\"text-align: justify;\">Pietro e Andrea hanno lasciato tutto per diventare pescatori di umanit\u00e0, hanno lasciato ci\u00f2 che li legava, le reti, invece di riassettarle come facciamo noi tutti i giorni. Hanno creduto che &#8211; sul serio &#8211; Dio chiede in prestito la barca della nostra vita per raccontare il Regno.<\/p>\n<p style=\"text-align: justify;\">Non \u00e8 un ostacolo la nostra fragilit\u00e0, non ferma Dio il nostro limite: proprio di noi egli ha bisogno.<\/p>\n<p style=\"text-align: center;\">\n<p style=\"text-align: justify;\">Pietro e Andrea hanno conosciuto altri come loro: pescatori del lago, uno zelota, un pubblicano. Gente diversa, particolare: nulla sarebbe mai riuscito a metterli insieme se non la curiosit\u00e0 nel seguire quel Nazareno pieno di Dio.<\/p>\n<p style=\"text-align: justify;\">Poi, dopo qualche mese di vagabondaggio in Galilea, proprio l\u00ec, sulle sponde del lago, Ges\u00f9 racconta a loro e a noi il segreto della felicit\u00e0.<\/p>\n<p style=\"text-align: justify;\"><strong>Beatitudini<\/strong><\/p>\n<p style=\"text-align: justify;\"><a href=\"http:\/\/www.cercoiltuovolto.it\/\/wp-content\/uploads\/2010\/02\/le-Beatitudini.jpg\"><img loading=\"lazy\" decoding=\"async\" class=\"alignleft size-medium wp-image-9958\" title=\"le Beatitudini\" src=\"http:\/\/www.cercoiltuovolto.it\/\/wp-content\/uploads\/2010\/02\/le-Beatitudini-188x300.jpg\" alt=\"\" width=\"188\" height=\"300\" \/><\/a>\u00abBeati\u00bb dice il Signore. Cio\u00e8: \u201csiete felici se\u201d, \u201cavete il cuore colmo se\u201d, \u201csprizzate di gioia se\u201d: una vera rivelazione.<\/p>\n<p style=\"text-align: justify;\">Non \u00e8 forse la gioia ci\u00f2 che cerchiamo pi\u00f9 di ogni altra cosa?<\/p>\n<p style=\"text-align: justify;\">Ges\u00f9 sta per indicarci la strada verso la pienezza?<\/p>\n<p style=\"text-align: justify;\">Finalmente Dio si decide a sbottonarsi e ci dona la soluzione all\u2019enigma della vita?<\/p>\n<p style=\"text-align: justify;\">Ma, subito, l\u2019entusiasmo si smorza:<\/p>\n<p style=\"text-align: justify;\">beati i poveri, beati quelli che piangono, quelli che sono perseguitati e insultati, dice il Rabb\u00ec.<\/p>\n<p style=\"text-align: justify;\">Ma come? Ges\u00f9 dichiara felice chi soffre? Chi \u00e8 bastonato dalla vita?<\/p>\n<p style=\"text-align: justify;\">Ges\u00f9 conferma l\u2019opinione di molti credenti che la vita \u00e8 solo dolore e forse, ma, chiss\u00e0, speriamo, un giorno riceveremo un premio?<\/p>\n<p style=\"text-align: justify;\">No.<\/p>\n<p style=\"text-align: justify;\">Ges\u00f9 non loda la condizione di fatica, dice che quella condizione pu\u00f2 spalancare ad un\u2019altra verit\u00e0.<\/p>\n<p style=\"text-align: justify;\">I perdenti, i fessi, quelli che scelgono di essere semplici, cio\u00e8 poveri in spirito, quelli che scelgono di essere miti in un mondo di squali, quelli che non si arrendono all\u2019ingiustizia cronica, quelli che giudicano tenendo conto del cuore di Dio e non della miseria degli uomini, quelli che fuggono la doppiezza, quelli che, pacificati, costruiscono la pace a costo di pagare di persona, quelli che, incontrato Dio, non mollano, sono coloro che fanno esperienza di Dio.<\/p>\n<p style=\"text-align: justify;\"><strong>Il Beato<\/strong><\/p>\n<p style=\"text-align: justify;\">Proprio perch\u00e9 il Dio di Ges\u00f9 \u00e8 mite, e pacificatore e misericordioso e paga di persona e sa piangere, coloro che gli assomigliano ne fanno esperienza.<\/p>\n<p style=\"text-align: justify;\">Follia, vero? S\u00ec, \u00e8 troppo anche per un folle come me.<\/p>\n<p style=\"text-align: justify;\">Eppure Ges\u00f9 l\u2019ha detto.<\/p>\n<p style=\"text-align: justify;\">Non cerchiamo la povert\u00e0 o le lacrime o la miseria, ma poniamo la nostra fiducia in Dio; allora sperimenteremo la felicit\u00e0 che \u00e8 riempita di emozione e la supera. La beatitudine \u00e8 fare esperienza dell\u2019Assoluto di Dio, del Dio di Ges\u00f9, e con lui condividere il sogno di una vita vera, ad ogni costo.<\/p>\n<p style=\"text-align: justify;\"><strong>Beati voi<\/strong><\/p>\n<p style=\"text-align: justify;\">Diversamente dalla versione di Matteo, Luca sintetizza le beatitudini ed aggiunge \u2013 inattese \u2013 quattro durissime ammonizioni.<\/p>\n<p style=\"text-align: justify;\">Inattese proprio perch\u00e9 le scrive Luca, lo scriba della mansuetudine di Cristo.<\/p>\n<p style=\"text-align: justify;\">Inattese proprio perch\u00e9 provengono dalla penna di colui che sempre attenua i toni, stempera la durezza della sequela, ammorbidisce i tratti pi\u00f9 aspri della predicazione di Ges\u00f9.<\/p>\n<p style=\"text-align: justify;\">Se Matteo dice: \u201cBeati i poveri&#8230;\u201d, Luca aggiunge: \u201cBeati voi poveri&#8230;\u201d.<\/p>\n<p style=\"text-align: justify;\">Luca ha di fronte a s\u00e9 i poveri, i perseguitati.<\/p>\n<p style=\"text-align: justify;\">E sa, dalle informazioni che ha ricevuto da chi c\u2019era, che Ges\u00f9, ad un certo punto, ha alzato lo sguardo oltre l\u2019orizzonte, oltre le colline di Samaria, verso Gerusalemme ammonendo i ricchi, i sazi, i gaudenti.<\/p>\n<p style=\"text-align: justify;\">Ma chi vive in prima linea lo sa, e apprezza.<\/p>\n<p style=\"text-align: justify;\">Dio crede nella conversione di ogni uomo, certo. Ma sa anche quanto sia forte l\u2019ostinazione e la chiusura. Per chi vive nel degrado e nell\u2019illegalit\u00e0, per chi, come ai tempi di Amos, calpesta il diritto del povero il giudizio sar\u00e0 senza misericordia, poich\u00e9 non ha avuto misericordia.<\/p>\n<p style=\"text-align: justify;\">Vedendo le tragiche immagini del terzo mondo, vedendo che l\u2019economia si \u00e8 trasformata in un mostro che tutto divora, ascoltando la testimonianza di Luca, che \u00e8 dovuto andare in Germania, o di Daniele, licenziato e senza lavoro da mesi, apprezzo questa sferzata di Ges\u00f9.<\/p>\n<p style=\"text-align: justify;\">E l\u2019apprezzano i fratelli e le sorelle cristiani (e non) che combattono, che si dibattono nella barbarie crescente, facendo come Dio, che difende il diritto dell\u2019orfano e della vedova.<\/p>\n<p style=\"text-align: justify;\"><strong>Speranze<\/strong><\/p>\n<p style=\"text-align: justify;\">Ai tanti impegnati in prima linea ad affrontare problemi immensi della quotidianit\u00e0 e dell\u2019illegalit\u00e0 dico: abbiate speranza in Dio, curando l\u2019uomo.<\/p>\n<p style=\"text-align: justify;\">Come scrive Geremia, profeta inascoltato e perseguitato nella sua Gerusalemme, l\u2019unica possibilit\u00e0 \u00e8 quella di alzare lo sguardo, di non confidare solo nell\u2019uomo. La nostra speranza, ci ricorda Paolo, \u00e8 posta nel Signore risorto, in qualcuno che \u00e8 vivo e si rende presente attraverso il nostro sguardo, non in un progetto umano.<\/p>\n<p style=\"text-align: justify;\">Beati noi che non ci arrendiamo, perch\u00e9 questo \u00e8 lo stile di Dio.<\/p>\n<p style=\"text-align: justify;\">Paolo Curtaz<\/p>\n","protected":false},"excerpt":{"rendered":"<p>VI DOMENICA DEL TEMPO ORDINARIO &#8211; Anno C Prima lettura: Ger 17,5-8 Salmo Responsoriale Dal salmo 1 Seconda lettura: 1 Cor 15,12.16-20 Vangelo: Lc 6,17.20-26 Pietro e Andrea hanno lasciato tutto per diventare pescatori di umanit\u00e0, hanno lasciato ci\u00f2 che li legava, le reti, invece di riassettarle come facciamo noi tutti i giorni. Hanno creduto&#8230;<\/p>\n","protected":false},"author":3,"featured_media":0,"comment_status":"closed","ping_status":"closed","sticky":false,"template":"","format":"standard","meta":{"_kad_post_transparent":"","_kad_post_title":"","_kad_post_layout":"","_kad_post_sidebar_id":"","_kad_post_content_style":"","_kad_post_vertical_padding":"","_kad_post_feature":"","_kad_post_feature_position":"","_kad_post_header":false,"_kad_post_footer":false,"_kad_post_classname":"","footnotes":""},"categories":[100,147],"tags":[223,172,113],"class_list":["post-229568","post","type-post","status-publish","format-standard","hentry","category-100","category-commento-al-vangelo","tag-paolo-curtaz","tag-vangelo-della-domenica","tag-video"],"_links":{"self":[{"href":"https:\/\/archivio.cercoiltuovolto.it\/index.php?rest_route=\/wp\/v2\/posts\/229568","targetHints":{"allow":["GET"]}}],"collection":[{"href":"https:\/\/archivio.cercoiltuovolto.it\/index.php?rest_route=\/wp\/v2\/posts"}],"about":[{"href":"https:\/\/archivio.cercoiltuovolto.it\/index.php?rest_route=\/wp\/v2\/types\/post"}],"author":[{"embeddable":true,"href":"https:\/\/archivio.cercoiltuovolto.it\/index.php?rest_route=\/wp\/v2\/users\/3"}],"replies":[{"embeddable":true,"href":"https:\/\/archivio.cercoiltuovolto.it\/index.php?rest_route=%2Fwp%2Fv2%2Fcomments&post=229568"}],"version-history":[{"count":1,"href":"https:\/\/archivio.cercoiltuovolto.it\/index.php?rest_route=\/wp\/v2\/posts\/229568\/revisions"}],"predecessor-version":[{"id":230191,"href":"https:\/\/archivio.cercoiltuovolto.it\/index.php?rest_route=\/wp\/v2\/posts\/229568\/revisions\/230191"}],"wp:attachment":[{"href":"https:\/\/archivio.cercoiltuovolto.it\/index.php?rest_route=%2Fwp%2Fv2%2Fmedia&parent=229568"}],"wp:term":[{"taxonomy":"category","embeddable":true,"href":"https:\/\/archivio.cercoiltuovolto.it\/index.php?rest_route=%2Fwp%2Fv2%2Fcategories&post=229568"},{"taxonomy":"post_tag","embeddable":true,"href":"https:\/\/archivio.cercoiltuovolto.it\/index.php?rest_route=%2Fwp%2Fv2%2Ftags&post=229568"}],"curies":[{"name":"wp","href":"https:\/\/api.w.org\/{rel}","templated":true}]}}