{"id":229558,"date":"2010-02-11T12:15:03","date_gmt":"2010-02-11T12:15:03","guid":{"rendered":"https:\/\/archivio.cercoiltuovolto.it\/?p=229558"},"modified":"2026-07-03T12:12:02","modified_gmt":"2026-07-03T12:12:02","slug":"commento-al-vangelo-domenica-14-febbraio-2010","status":"publish","type":"post","link":"https:\/\/archivio.cercoiltuovolto.it\/?p=229558","title":{"rendered":"Commento al Vangelo &#8211; Domenica 14 febbraio 2010"},"content":{"rendered":"<p style=\"text-align: center;\"><a href=\"http:\/\/www.cercoiltuovolto.it\/\/wp-content\/uploads\/2010\/01\/bellanotizia.jpg\"><img loading=\"lazy\" decoding=\"async\" class=\"alignnone size-full wp-image-9455\" title=\"bellanotizia\" src=\"http:\/\/www.cercoiltuovolto.it\/\/wp-content\/uploads\/2010\/01\/bellanotizia.jpg\" alt=\"\" width=\"516\" height=\"110\" \/><\/a><\/p>\n<p style=\"text-align: justify;\">Questa \u00e8 una rielaborazione <strong>audio\/video<\/strong> sulle letture della Messa di:<strong><em> DOMENICA 14 febbraio \u00a02010 &#8211; VI DOMENICA DEL TEMPO ORDINARIO <\/em><\/strong>(Anno C) a cura di <a href=\"http:\/\/www.bellanotizia.it\" target=\"_blank\">Antonio Di Lieto<\/a>.   Il titolo della Messa, che unifica tutte le letture, secondo l&#8217;autore \u00e8:<strong> &#8220;NON CONTATE SOLO SUGLI UOMINI !&#8221;<\/strong><\/p>\n<p style=\"text-align: justify;\">[powerpress]<\/p>\n<p style=\"text-align: justify;\">\n<h2>Commento alle Letture<\/h2>\n<h3>PRIMA LETTURA (dal libro del profeta Gerem\u00eca 17,5-8)<\/h3>\n<p style=\"text-align: justify;\">Cos\u00ec dice il profeta Gerem\u00eca: &#8220;Guai a chi CONTA SOLO SUGLI UOMINI: dimenticandosi completamente di Dio. Sar\u00e0 come un rovo spuntato nel deserto: inaridir\u00e0 presto. Non pu\u00f2 vivere bene: perch\u00e9 \u00e8 circondato solo da sabbia salata. Beato l\u2019uomo invece, cha CONTA nel Signore. Sar\u00e0 come un albero piantato vicino al fiume, che stende le sue radici verso l\u2019acqua: anche se fa caldo, non appassisce. Anche negli anni di siccit\u00e0, non ha nulla da temere: perch\u00e8 continua sempre a produrre i suoi frutti !\u201d.<\/p>\n<h3>SALMO RESPONSORIALE (Salmo 1,1-4.6)<\/h3>\n<p style=\"text-align: justify;\">Beato l\u2019uomo che CONTA nel Signore. Beato chi non segue i consigli dei malvagi, non indugia sulla strada del male: non siede in compagnia degli arroganti. Ma prova gioia nel seguire la legge di Dio: meditandola giorno e notte. Sar\u00e0 come un albero piantato vicino al fiume: dar\u00e0 frutto a suo tempo. Le sue foglie non appassiscono: e tutto quello che fa, gli riesce bene. Non cos\u00ec, non cos\u00ec accadr\u00e0 ai cattivi: saranno portati via dal vento, come foglie morte. Perch\u00e9 il Signore veglia sul cammino dei giusti: mentre la strada dei malvagi, porta sempre alla rovina !<\/p>\n<h3>SECONDA LETTURA (1^ lettera di Paolo ai cristiani di Cor\u00ecnto 15,12.16-20)<\/h3>\n<p style=\"text-align: justify;\">Carissimi fratelli, noi vi abbiamo annunciato con chiarezza che Cristo \u00e8 risorto: come possono allora sostenere alcuni di voi, che nessuno pu\u00f2 risorgere dalla morte? Se nessuno pu\u00f2 risorgere dalla morte, allora nemmeno Cristo \u00e8 risorto. Ma se Cristo non \u00e8 risorto, la vostra fede \u00e8 completamente inutile: perch\u00e9 avete CONTATO SOLO SU UN UOMO, che non pu\u00f2 perdonare i vostri peccati. Significherebbe che anche noi che confidiamo in Lui, dopo la morte saremo perduti. E che anzi &#8211; se non esiste l\u2019altra vita &#8211; proprio noi che siamo perseguitati per Cristo, saremmo da compiangere pi\u00f9 di tutti gli uomini! Ges\u00f9 invece, \u00e8 risorto veramente: aprendo la strada a tutti i giusti, che un giorno resusciteranno felici con Lui !<\/p>\n<h3>VANGELO (Luca 6,17.20-26)<\/h3>\n<p style=\"text-align: justify;\">Un giorno Ges\u00f9 era sceso con i 12 apostoli in un luogo pianeggiante. Attorno si era radunata una folla di discepoli e una gran moltitudine di gente: proveniente da Gerusalemme, da tutta la regione della Giud\u00e8a e persino dai territori pagani di Tiro e Sidone.<\/p>\n<p style=\"text-align: justify;\">Ges\u00f9 alz\u00f2 gli occhi, vide tutte queste persone semplici che lo cercavano: e si commosse. Disse allora: &#8220;Beati voi, che sembrate poveri qui sulla terra: perch\u00e8 siete i proprietari del cielo! Beati voi che ora avete fame: perch\u00e9 sarete saziati per sempre. Beati voi che ora piangete: perch\u00e9 riderete per l&#8217;eternit\u00e0. Beati voi, quando vi odieranno e vi escluderanno, vi insulteranno e vi disprezzeranno perch\u00e9 avete creduto in Me. In quel giorno esultate e gioite: perch\u00e8 la vostra ricompensa in cielo sar\u00e0 grandissima. Tutti i veri profeti infatti, sono stati sempre maltrattati DAGLI UOMINI !<\/p>\n<p style=\"text-align: justify;\">Ma guai a voi ricchi, che pensate solo ai soldi: saranno la vostra unica consolazione. Guai a voi che impoverite gli altri per saziarvi: perch\u00e9 avrete fame per sempre. Guai a voi che vi divertite a ridere del prossimo: perch\u00e9 piangerete per l\u2019eternit\u00e0. Guai a voi che pensate solo ad essere apprezzati dalla gente e non da Dio, perch\u00e9 anche i falsi profeti facevano cos\u00ec: CONTAVANO SOLO SUGLI UOMINI !\u201d.<\/p>\n<blockquote>\n<p style=\"text-align: justify;\"><span class=\"morebis\"> <\/span><strong>Sul sito<\/strong> <a href=\"http:\/\/www.bellanotizia.it\/\" target=\"_blank\">http:\/\/www.bellanotizia.it<\/a> puoi scaricare tante altre &#8220;bellenotizie&#8221;, anche in forma di registrazione-audio e presentazione-video, oltre a diversi miei articoli, scritti, corrispondenze-mail ed ipotesi innovative.<br \/>\n <strong>Note<\/strong>: L&#8217;autore precisa che, anche se la lettura di queste bellenotizie aiuta a comprendere la prima parte della Messa (Liturgia della Parola), non potr\u00e0 mai sostituire la seconda parte (Liturgia eucaristica), in cui ci viene data la possibilit\u00e0 di &#8220;abbracciare&#8221; veramente il Corpo di Cristo.<\/p>\n<\/blockquote>\n","protected":false},"excerpt":{"rendered":"<p>Questa \u00e8 una rielaborazione audio\/video sulle letture della Messa di: DOMENICA 14 febbraio \u00a02010 &#8211; VI DOMENICA DEL TEMPO ORDINARIO (Anno C) a cura di Antonio Di Lieto. Il titolo della Messa, che unifica tutte le letture, secondo l&#8217;autore \u00e8: &#8220;NON CONTATE SOLO SUGLI UOMINI !&#8221; [powerpress] Commento alle Letture PRIMA LETTURA (dal libro del&#8230;<\/p>\n","protected":false},"author":3,"featured_media":0,"comment_status":"closed","ping_status":"closed","sticky":false,"template":"","format":"standard","meta":{"_kad_post_transparent":"","_kad_post_title":"","_kad_post_layout":"","_kad_post_sidebar_id":"","_kad_post_content_style":"","_kad_post_vertical_padding":"","_kad_post_feature":"","_kad_post_feature_position":"","_kad_post_header":false,"_kad_post_footer":false,"_kad_post_classname":"","footnotes":""},"categories":[100,4],"tags":[34,5,172],"class_list":["post-229558","post","type-post","status-publish","format-standard","hentry","category-100","category-audio-cattolici","tag-bella-notizia","tag-commento-al-vangelo","tag-vangelo-della-domenica"],"_links":{"self":[{"href":"https:\/\/archivio.cercoiltuovolto.it\/index.php?rest_route=\/wp\/v2\/posts\/229558","targetHints":{"allow":["GET"]}}],"collection":[{"href":"https:\/\/archivio.cercoiltuovolto.it\/index.php?rest_route=\/wp\/v2\/posts"}],"about":[{"href":"https:\/\/archivio.cercoiltuovolto.it\/index.php?rest_route=\/wp\/v2\/types\/post"}],"author":[{"embeddable":true,"href":"https:\/\/archivio.cercoiltuovolto.it\/index.php?rest_route=\/wp\/v2\/users\/3"}],"replies":[{"embeddable":true,"href":"https:\/\/archivio.cercoiltuovolto.it\/index.php?rest_route=%2Fwp%2Fv2%2Fcomments&post=229558"}],"version-history":[{"count":1,"href":"https:\/\/archivio.cercoiltuovolto.it\/index.php?rest_route=\/wp\/v2\/posts\/229558\/revisions"}],"predecessor-version":[{"id":230199,"href":"https:\/\/archivio.cercoiltuovolto.it\/index.php?rest_route=\/wp\/v2\/posts\/229558\/revisions\/230199"}],"wp:attachment":[{"href":"https:\/\/archivio.cercoiltuovolto.it\/index.php?rest_route=%2Fwp%2Fv2%2Fmedia&parent=229558"}],"wp:term":[{"taxonomy":"category","embeddable":true,"href":"https:\/\/archivio.cercoiltuovolto.it\/index.php?rest_route=%2Fwp%2Fv2%2Fcategories&post=229558"},{"taxonomy":"post_tag","embeddable":true,"href":"https:\/\/archivio.cercoiltuovolto.it\/index.php?rest_route=%2Fwp%2Fv2%2Ftags&post=229558"}],"curies":[{"name":"wp","href":"https:\/\/api.w.org\/{rel}","templated":true}]}}