{"id":229546,"date":"2010-02-11T06:34:45","date_gmt":"2010-02-11T06:34:45","guid":{"rendered":"https:\/\/archivio.cercoiltuovolto.it\/?p=229546"},"modified":"2026-07-03T12:12:02","modified_gmt":"2026-07-03T12:12:02","slug":"fammi-sentire-la-tua-grazia-pregare-insieme","status":"publish","type":"post","link":"https:\/\/archivio.cercoiltuovolto.it\/?p=229546","title":{"rendered":"Fammi sentire la tua grazia. Pregare insieme?"},"content":{"rendered":"<p style=\"text-align: justify;\"><a href=\"http:\/\/www.cercoiltuovolto.it\/\/wp-content\/uploads\/2010\/02\/Fammi-sentire-la-tua-grazia.-Pregare-insieme.jpg\"><img loading=\"lazy\" decoding=\"async\" class=\"alignleft size-medium wp-image-9856\" title=\"Fammi sentire la tua grazia. Pregare insieme\" src=\"http:\/\/www.cercoiltuovolto.it\/\/wp-content\/uploads\/2010\/02\/Fammi-sentire-la-tua-grazia.-Pregare-insieme-214x300.jpg\" alt=\"\" width=\"214\" height=\"300\" \/><\/a>Quarta e ultima tappa della Scuola di preghiera. Nel presente volume si approfondisce il fatto che pregare \u00e8 un incontro della comunit\u00e0 con Ges\u00f9. La preghiera liturgica \u00e8 un momento privilegiato di preghiera comunitaria, in cui l\u2019assemblea incontra il Cristo nella Messa, nell\u2019adorazione eucaristica, nella celebrazione della Riconciliazione. Molti adolescenti e giovani non hanno ricevuto una vera iniziazione alla preghiera liturgica: gesti, formule, simboli, riti sono stati assimilati con una ripetizione piuttosto meccanica. Si va a Messa per abitudine, per consuetudine familiare o culturale, specie nelle grandi feste dell\u2019anno: motivazioni insufficienti a sostenere la pratica dei sacramenti, soprattutto per gli adolescenti e i giovani, che, a lungo andare, abbandonano la Messa e la Confessione.<\/p>\n<p style=\"text-align: justify;\"><em>LA CHIESA SI PREOCCUPA VIVAMENTE CHE I FEDELI NON ASSISTANO COME ESTRANEI O MUTI SPETTATORI A QUESTO MISTERO DI FEDE. Sacrosanctum Concilium<\/em><\/p>\n<p style=\"text-align: justify;\"><strong>PUNTI FORTI <\/strong>Utile strumento per tutti coloro che desiderano dedicare alla preghiera un corso di formazione specifico. Gli autori sono, tra l\u2019altro, formatori del Seminario maggiore di Brescia, per la pastorale vocazionale. Ottimo strumento di riscoperta della liturgia, della Confessione, dell\u2019adorazione eucaristica.<\/p>\n<p style=\"text-align: justify;\"><strong>DESTINATARI<\/strong> Adolescenti, giovani, adulti. Sacerdoti, operatori pastorali, animatori, appartenenti a ogni realt\u00e0 ecclesiale (parrocchie, movimenti, associazioni).<\/p>\n<p style=\"text-align: justify;\"><strong>AUTORI<\/strong><\/p>\n<p style=\"text-align: justify;\"><em>Marco Busca<\/em> presbitero diocesano dal 1991. Ha conseguito il dottorato in teologia presso la Pontificia Universit\u00e0 Gregoriana di Roma. Dal 1999 insegna presso l\u2019Istituto teologico del Seminario di Brescia e presso l\u2019Istituto superiore di Scienze religiose dell\u2019Universit\u00e0 Cattolica.<\/p>\n<p style=\"text-align: justify;\"><em>Sergio Passeri<\/em>, presbitero diocesano dal 1995. Ha conseguito il dottorato in teologia morale alla Pontificia Universit\u00e0 Gregoriana di Roma. Dal 2002 insegna presso l\u2019Istituto teologico del Seminario di Brescia e ha lavorato come formatore nel Seminario maggiore di Brescia seguendo la Comunit\u00e0 delle vocazioni giovanili e la pastorale vocazionale.<\/p>\n<blockquote>\n<h3>Ascolta l&#8217;intervento di\u00a0Don Sergio Passeri su Radio voce inBlu nonch\u00e8 co-autore del libro<\/h3>\n<p>[powerpress]<\/p>\n<\/blockquote>\n<p class=\"acquista-paragrafo\"><a href=\"http:\/\/www.libreriadelsanto.it\/libri\/9788831535564\/fammi-sentire-la-tua-grazia.html?p=sot\" target=\"_blank\">Acquista il libro<\/a> su Libreria del Santo<\/p>\n","protected":false},"excerpt":{"rendered":"<p>Quarta e ultima tappa della Scuola di preghiera. Nel presente volume si approfondisce il fatto che pregare \u00e8 un incontro della comunit\u00e0 con Ges\u00f9. La preghiera liturgica \u00e8 un momento privilegiato di preghiera comunitaria, in cui l\u2019assemblea incontra il Cristo nella Messa, nell\u2019adorazione eucaristica, nella celebrazione della Riconciliazione. Molti adolescenti e giovani non hanno ricevuto&#8230;<\/p>\n","protected":false},"author":3,"featured_media":0,"comment_status":"closed","ping_status":"closed","sticky":false,"template":"","format":"standard","meta":{"_kad_post_transparent":"","_kad_post_title":"","_kad_post_layout":"","_kad_post_sidebar_id":"","_kad_post_content_style":"","_kad_post_vertical_padding":"","_kad_post_feature":"","_kad_post_feature_position":"","_kad_post_header":false,"_kad_post_footer":false,"_kad_post_classname":"","footnotes":""},"categories":[100,3],"tags":[17,145,31],"class_list":["post-229546","post","type-post","status-publish","format-standard","hentry","category-100","category-libri","tag-libri","tag-preghiera","tag-radio-nel-web"],"_links":{"self":[{"href":"https:\/\/archivio.cercoiltuovolto.it\/index.php?rest_route=\/wp\/v2\/posts\/229546","targetHints":{"allow":["GET"]}}],"collection":[{"href":"https:\/\/archivio.cercoiltuovolto.it\/index.php?rest_route=\/wp\/v2\/posts"}],"about":[{"href":"https:\/\/archivio.cercoiltuovolto.it\/index.php?rest_route=\/wp\/v2\/types\/post"}],"author":[{"embeddable":true,"href":"https:\/\/archivio.cercoiltuovolto.it\/index.php?rest_route=\/wp\/v2\/users\/3"}],"replies":[{"embeddable":true,"href":"https:\/\/archivio.cercoiltuovolto.it\/index.php?rest_route=%2Fwp%2Fv2%2Fcomments&post=229546"}],"version-history":[{"count":1,"href":"https:\/\/archivio.cercoiltuovolto.it\/index.php?rest_route=\/wp\/v2\/posts\/229546\/revisions"}],"predecessor-version":[{"id":230201,"href":"https:\/\/archivio.cercoiltuovolto.it\/index.php?rest_route=\/wp\/v2\/posts\/229546\/revisions\/230201"}],"wp:attachment":[{"href":"https:\/\/archivio.cercoiltuovolto.it\/index.php?rest_route=%2Fwp%2Fv2%2Fmedia&parent=229546"}],"wp:term":[{"taxonomy":"category","embeddable":true,"href":"https:\/\/archivio.cercoiltuovolto.it\/index.php?rest_route=%2Fwp%2Fv2%2Fcategories&post=229546"},{"taxonomy":"post_tag","embeddable":true,"href":"https:\/\/archivio.cercoiltuovolto.it\/index.php?rest_route=%2Fwp%2Fv2%2Ftags&post=229546"}],"curies":[{"name":"wp","href":"https:\/\/api.w.org\/{rel}","templated":true}]}}