{"id":229544,"date":"2010-02-10T12:11:32","date_gmt":"2010-02-10T12:11:32","guid":{"rendered":"https:\/\/archivio.cercoiltuovolto.it\/?p=229544"},"modified":"2026-07-03T12:12:02","modified_gmt":"2026-07-03T12:12:02","slug":"mitra-al-cardinale-piccolo-dizionario-ecclesialese-italiano","status":"publish","type":"post","link":"https:\/\/archivio.cercoiltuovolto.it\/?p=229544","title":{"rendered":"MITRA AL CARDINALE &#8211; Piccolo dizionario ecclesialese-italiano"},"content":{"rendered":"<p style=\"text-align: justify;\"><a href=\"http:\/\/www.cercoiltuovolto.it\/\/wp-content\/uploads\/2010\/02\/mitra-al-cardinale.jpg\"><img loading=\"lazy\" decoding=\"async\" class=\"alignleft size-medium wp-image-9867\" title=\"mitra-al-cardinale\" src=\"http:\/\/www.cercoiltuovolto.it\/\/wp-content\/uploads\/2010\/02\/mitra-al-cardinale-193x300.jpg\" alt=\"\" width=\"193\" height=\"300\" \/><\/a>Prete o parroco? Arcivescovo o cardinale? Porporato o monsignore? Tante volte noi giornalisti, di fronte ad \u201caffari di Chiesa\u201d, ci siamo trovati nel dubbio sui termini da usare, tante volte abbiamo utilizzato a sproposito quelli che sembravano sinonimi e che tali non erano. S\u00ec, perch\u00e9 un parroco \u00e8 necessariamente un prete ma un prete non \u00e8 necessariamente un parroco. E un arcivescovo non \u00e8 necessariamente un cardinale, il quale per\u00f2, da parte sua, \u00e8 l\u2019unico a poter essere definito porporato, come indica chiaramente il colore (rosso porpora) della berretta. E via di questo passo, ricordando \u2013 tanto per capirci \u2013 che c\u2019\u00e8 (la) mitra e (il) mitra e che una \u00e8 ben diversa dall\u2019altro. Questo libretto, senza pretese scientifiche, \u00e8 nato proprio per cercare di aiutare a usare nel modo pi\u00f9 corretto possibile la terminologia religiosa, in particolare quella della Chiesa ambrosiana. \u00c8 nato da uno dei tanti confronti fra don Davide Milani, responsabile dell\u2019Ufficio per le comunicazioni sociali della Diocesi di Milano, e il sottoscritto, fino a qualche mese fa alla guida della sede Ansa della Lombardia: confronti su quelli che, di primo acchito, potevano sembrare semplici esercitazioni linguistiche e che invece si rivelavano particolari importanti. Una delle ultime volte, su una vicenda fonte anche di polemiche, riguardante certe prese di posizione di quello che molti giornali avevano denelfinito parroco e che tale non era, trattandosi di un semplice prete, \u00e8 venuta fuori una considerazione: ci vorrebbe un piccolo dizionario (anche se pu\u00f2 sembrare una parola grossa) per dare modo ai giornalisti di raccapezzarsi fra i tanti termini religiosi, di uso pi\u00f9 o meno comune. Ecco qui il frutto di un lavoro che \u00e8 pesato soprattutto sulle spalle di Federica Vern\u00f2, si \u00e8 avvalso della consulenza e della revisione di mons. Marco Navoni, dottore ordinario della Biblioteca Ambrosiana, del supporto di \u201cImagina\u201d e ha un\u2019unica pretesa: essere d\u2019aiuto a fugare dubbi. Se poi consentir\u00e0 di evitare anche un solo errore o una perdita di tempo, avr\u00e0 raggiunto il suo scopo.<\/p>\n<p style=\"text-align: justify;\">Gabriele Tacchini<\/p>\n<p style=\"text-align: center;\">\n<p class=\"acquista-paragrafo\">Acquista il libro su <a href=\"http:\/\/www.libreriadelsanto.it\/libri\/9788880257424\/mitra-al-cardinale.html?p=sot\" target=\"_blank\">Libreria del Santo<\/a><\/p>\n","protected":false},"excerpt":{"rendered":"<p>Prete o parroco? Arcivescovo o cardinale? Porporato o monsignore? Tante volte noi giornalisti, di fronte ad \u201caffari di Chiesa\u201d, ci siamo trovati nel dubbio sui termini da usare, tante volte abbiamo utilizzato a sproposito quelli che sembravano sinonimi e che tali non erano. S\u00ec, perch\u00e9 un parroco \u00e8 necessariamente un prete ma un prete non&#8230;<\/p>\n","protected":false},"author":3,"featured_media":0,"comment_status":"closed","ping_status":"closed","sticky":false,"template":"","format":"standard","meta":{"_kad_post_transparent":"","_kad_post_title":"","_kad_post_layout":"","_kad_post_sidebar_id":"","_kad_post_content_style":"","_kad_post_vertical_padding":"","_kad_post_feature":"","_kad_post_feature_position":"","_kad_post_header":false,"_kad_post_footer":false,"_kad_post_classname":"","footnotes":""},"categories":[100,118],"tags":[17],"class_list":["post-229544","post","type-post","status-publish","format-standard","hentry","category-100","category-diocesi","tag-libri"],"_links":{"self":[{"href":"https:\/\/archivio.cercoiltuovolto.it\/index.php?rest_route=\/wp\/v2\/posts\/229544","targetHints":{"allow":["GET"]}}],"collection":[{"href":"https:\/\/archivio.cercoiltuovolto.it\/index.php?rest_route=\/wp\/v2\/posts"}],"about":[{"href":"https:\/\/archivio.cercoiltuovolto.it\/index.php?rest_route=\/wp\/v2\/types\/post"}],"author":[{"embeddable":true,"href":"https:\/\/archivio.cercoiltuovolto.it\/index.php?rest_route=\/wp\/v2\/users\/3"}],"replies":[{"embeddable":true,"href":"https:\/\/archivio.cercoiltuovolto.it\/index.php?rest_route=%2Fwp%2Fv2%2Fcomments&post=229544"}],"version-history":[{"count":1,"href":"https:\/\/archivio.cercoiltuovolto.it\/index.php?rest_route=\/wp\/v2\/posts\/229544\/revisions"}],"predecessor-version":[{"id":230209,"href":"https:\/\/archivio.cercoiltuovolto.it\/index.php?rest_route=\/wp\/v2\/posts\/229544\/revisions\/230209"}],"wp:attachment":[{"href":"https:\/\/archivio.cercoiltuovolto.it\/index.php?rest_route=%2Fwp%2Fv2%2Fmedia&parent=229544"}],"wp:term":[{"taxonomy":"category","embeddable":true,"href":"https:\/\/archivio.cercoiltuovolto.it\/index.php?rest_route=%2Fwp%2Fv2%2Fcategories&post=229544"},{"taxonomy":"post_tag","embeddable":true,"href":"https:\/\/archivio.cercoiltuovolto.it\/index.php?rest_route=%2Fwp%2Fv2%2Ftags&post=229544"}],"curies":[{"name":"wp","href":"https:\/\/api.w.org\/{rel}","templated":true}]}}