{"id":229516,"date":"2010-02-02T18:57:59","date_gmt":"2010-02-02T18:57:59","guid":{"rendered":"https:\/\/archivio.cercoiltuovolto.it\/?p=229516"},"modified":"2026-07-03T12:12:02","modified_gmt":"2026-07-03T12:12:02","slug":"carissimo-dio-padre-antonietta-meo-nennolina-e-le-sue-letterine","status":"publish","type":"post","link":"https:\/\/archivio.cercoiltuovolto.it\/?p=229516","title":{"rendered":"Carissimo Dio Padre. Antonietta Meo-Nennolina e le sue letterine"},"content":{"rendered":"<p style=\"text-align: justify;\"><a href=\"http:\/\/www.cercoiltuovolto.it\/\/wp-content\/uploads\/2010\/02\/carissimo-dio-padre-1.png\"><img loading=\"lazy\" decoding=\"async\" class=\"alignleft size-full wp-image-9735\" title=\"carissimo-dio-padre\" src=\"http:\/\/www.cercoiltuovolto.it\/\/wp-content\/uploads\/2010\/02\/carissimo-dio-padre-1.png\" alt=\"\" width=\"154\" height=\"218\" \/><\/a>Il volume propone la biografia di Antonietta Meo, detta familiarmente Nennolina, attraverso le sue lettere ed altri scritti, tutti riportati nell\u2019Appendice alla fine del volume in versione integrale, oltre ai ricordi della madre, del padre, della sorella e delle persone a lei vicine. La figura di questa bambina \u00e8 stata inserita dall\u2019Autrice negli avvenimenti e nella sensibilit\u00e0 degli anni in cui visse, gli anni Trenta, in cui  fior\u00ec questa breve vita che in Dio ha calato il vissuto di gioia e di dolore. Di lei fin dal 1941 la Giovent\u00f9 Femminile promosse la causa di beatificazione per espresso volere di  &#8230;<\/p>\n<p style=\"text-align: justify;\">&#8230; Armida Barelli, allora Presidente nazionale,  ed ancora oggi l&#8217;Azione Cattolica Italiana ne \u00e8 promotore.<\/p>\n<p style=\"text-align: justify;\">Papa Benedetto XVI l\u2019ha dichiarata Venerabile il 17 dicembre 2007.<\/p>\n<p style=\"text-align: justify;\">(<em>Maria Rosaria Del Genio, Carissimo Dio Padre. Antonietta Meo-Nennolina e le sue letterine, LEV, Citt\u00e0 del Vaticano, 2009, pp. 216<\/em>)<\/p>\n<blockquote>\n<h3>Ascolta il servizio di\u00a0Benedetta Capelli per Radio Vaticana<\/h3>\n<p>[powerpress]<\/p>\n<\/blockquote>\n<p class=\"sito-web\"><strong>Link utili<\/strong>: Mirror del podcast<\/p>\n<p class=\"acquista-paragrafo\"><a href=\"http:\/\/www.libreriadelsanto.it\/libri\/9788820927844\/carissimo-dio-padre-antonietta-meo-nennolina.html?p=sot\" target=\"_blank\">Acquista il libro<\/a> su Libreria del Santo<\/p>\n","protected":false},"excerpt":{"rendered":"<p>Il volume propone la biografia di Antonietta Meo, detta familiarmente Nennolina, attraverso le sue lettere ed altri scritti, tutti riportati nell\u2019Appendice alla fine del volume in versione integrale, oltre ai ricordi della madre, del padre, della sorella e delle persone a lei vicine. La figura di questa bambina \u00e8 stata inserita dall\u2019Autrice negli avvenimenti e&#8230;<\/p>\n","protected":false},"author":3,"featured_media":0,"comment_status":"closed","ping_status":"closed","sticky":false,"template":"","format":"standard","meta":{"_kad_post_transparent":"","_kad_post_title":"","_kad_post_layout":"","_kad_post_sidebar_id":"","_kad_post_content_style":"","_kad_post_vertical_padding":"","_kad_post_feature":"","_kad_post_feature_position":"","_kad_post_header":false,"_kad_post_footer":false,"_kad_post_classname":"","footnotes":""},"categories":[100,127],"tags":[17],"class_list":["post-229516","post","type-post","status-publish","format-standard","hentry","category-100","category-benedetto-xvi","tag-libri"],"_links":{"self":[{"href":"https:\/\/archivio.cercoiltuovolto.it\/index.php?rest_route=\/wp\/v2\/posts\/229516","targetHints":{"allow":["GET"]}}],"collection":[{"href":"https:\/\/archivio.cercoiltuovolto.it\/index.php?rest_route=\/wp\/v2\/posts"}],"about":[{"href":"https:\/\/archivio.cercoiltuovolto.it\/index.php?rest_route=\/wp\/v2\/types\/post"}],"author":[{"embeddable":true,"href":"https:\/\/archivio.cercoiltuovolto.it\/index.php?rest_route=\/wp\/v2\/users\/3"}],"replies":[{"embeddable":true,"href":"https:\/\/archivio.cercoiltuovolto.it\/index.php?rest_route=%2Fwp%2Fv2%2Fcomments&post=229516"}],"version-history":[{"count":1,"href":"https:\/\/archivio.cercoiltuovolto.it\/index.php?rest_route=\/wp\/v2\/posts\/229516\/revisions"}],"predecessor-version":[{"id":230245,"href":"https:\/\/archivio.cercoiltuovolto.it\/index.php?rest_route=\/wp\/v2\/posts\/229516\/revisions\/230245"}],"wp:attachment":[{"href":"https:\/\/archivio.cercoiltuovolto.it\/index.php?rest_route=%2Fwp%2Fv2%2Fmedia&parent=229516"}],"wp:term":[{"taxonomy":"category","embeddable":true,"href":"https:\/\/archivio.cercoiltuovolto.it\/index.php?rest_route=%2Fwp%2Fv2%2Fcategories&post=229516"},{"taxonomy":"post_tag","embeddable":true,"href":"https:\/\/archivio.cercoiltuovolto.it\/index.php?rest_route=%2Fwp%2Fv2%2Ftags&post=229516"}],"curies":[{"name":"wp","href":"https:\/\/api.w.org\/{rel}","templated":true}]}}