{"id":229497,"date":"2010-01-31T22:34:47","date_gmt":"2010-01-31T22:34:47","guid":{"rendered":"https:\/\/archivio.cercoiltuovolto.it\/?p=229497"},"modified":"2026-07-03T12:12:03","modified_gmt":"2026-07-03T12:12:03","slug":"angelus-del-31-gennaio-2010-in-mp3","status":"publish","type":"post","link":"https:\/\/archivio.cercoiltuovolto.it\/?p=229497","title":{"rendered":"Angelus del 31 gennaio 2010 in mp3"},"content":{"rendered":"<p><em><a href=\"http:\/\/www.cercoiltuovolto.it\/\/wp-content\/uploads\/2010\/01\/or1034738.jpg\"><img loading=\"lazy\" decoding=\"async\" class=\"alignleft size-medium wp-image-9664\" title=\"SS Benedetto XVI - Piazza San Pietro , Angelus Domini -31-10-2010\" src=\"http:\/\/www.cercoiltuovolto.it\/\/wp-content\/uploads\/2010\/01\/or1034738-300x200.jpg\" alt=\"\" width=\"300\" height=\"200\" \/><\/a>Cari fratelli e sorelle<\/em>!<\/p>\n<p style=\"text-align: justify;\">Nella liturgia di questa domenica si legge una delle pagine pi\u00f9 belle  del Nuovo  Testamento e di tutta  la Bibbia: il cosiddetto \u201cinno alla carit\u00e0\u201d  dell\u2019apostolo Paolo (<em>1 Cor<\/em> 12,31-13,13). Nella sua <em>Prima Lettera ai Corinzi<\/em>, dopo aver  spiegato, con  l\u2019immagine del corpo, che i diversi doni dello Spirito Santo concorrono  al bene  dell\u2019unica Chiesa, Paolo mostra la \u201cvia\u201d della perfezione. Questa \u2013 dice  \u2013 non  consiste nel possedere qualit\u00e0 eccezionali: parlare lingue nuove,  conoscere  tutti i misteri, avere una fede prodigiosa o compiere gesti eroici.  Consiste  invece nella carit\u00e0 \u2013 <em>agape<\/em> \u2013 cio\u00e8 nell\u2019amore autentico, quello  che Dio  ci ha rivelato in Ges\u00f9 Cristo. La carit\u00e0 \u00e8 il dono \u201cpi\u00f9 grande\u201d, che d\u00e0  valore a  tutti gli altri, eppure \u201cnon si vanta, non si gonfia d\u2019orgoglio\u201d, anzi,  \u201csi  rallegra della verit\u00e0\u201d e del bene altrui. Chi ama veramente \u201cnon cerca  il  proprio interesse\u201d, \u201cnon tiene conto del male ricevuto\u201d, \u201ctutto scusa,  tutto  crede, tutto spera, tutto sopporta\u201d (cfr <em>1 Cor<\/em> 13,4-7). Alla  fine, quando  ci incontreremo faccia a faccia con Dio, tutti gli altri doni verranno  meno;  l\u2019unico che rimarr\u00e0 in eterno sar\u00e0 la carit\u00e0, perch\u00e9 Dio \u00e8 amore e noi  saremo  simili a Lui, in comunione perfetta con Lui.<\/p>\n<p>[<a href=\"http:\/\/www.vatican.va\/holy_father\/benedict_xvi\/angelus\/2010\/documents\/hf_ben-xvi_ang_20100131_it.html\" target=\"_blank\">Leggi tutto il messaggio<\/a>]\u00a0<em>\u00a9 Copyright 2010 &#8211; Libreria  Editrice Vaticana<\/em><\/p>\n<p class=\"info\">Link al video ufficiale (richiede Apple Quick Time)<\/p>\n<p style=\"text-align: justify;\"><img loading=\"lazy\" decoding=\"async\" style=\"vertical-align: middle;\" title=\"Link\" src=\"http:\/\/www.cercoiltuovolto.it\/\/images\/web.png\" alt=\"Link\" width=\"24\" height=\"24\" \/> <strong>Fonte<\/strong>: Radio Vaticana via FeedRss | <strong>Fotografia<\/strong>: <a href=\"https:\/\/www.photo.va\/\" target=\"_blank\">Osservatore Romano<br \/>\n <\/a><span style=\"font-size: xx-small;\"><em>(The content of this podcast is copyrighted by Vatican Radio which, according to  its statute, is entrusted to manage and protect the sound recordings of the  Roman Pontiff, ensuring that their pastoral character and intellectual  property&#8217;s rights are protected when used by third parties. The content of this  podcast is made available only for personal and private use and cannot be  exploited for commercial purposes, without prior written authorization by  Vatican Radio. For further information, please contact the International  Relation Office at relint@vatiradio.va)<\/em><\/span><\/p>\n","protected":false},"excerpt":{"rendered":"<p>Cari fratelli e sorelle! Nella liturgia di questa domenica si legge una delle pagine pi\u00f9 belle del Nuovo Testamento e di tutta la Bibbia: il cosiddetto \u201cinno alla carit\u00e0\u201d dell\u2019apostolo Paolo (1 Cor 12,31-13,13). Nella sua Prima Lettera ai Corinzi, dopo aver spiegato, con l\u2019immagine del corpo, che i diversi doni dello Spirito Santo concorrono&#8230;<\/p>\n","protected":false},"author":3,"featured_media":0,"comment_status":"closed","ping_status":"closed","sticky":false,"template":"","format":"standard","meta":{"_kad_post_transparent":"","_kad_post_title":"","_kad_post_layout":"","_kad_post_sidebar_id":"","_kad_post_content_style":"","_kad_post_vertical_padding":"","_kad_post_feature":"","_kad_post_feature_position":"","_kad_post_header":false,"_kad_post_footer":false,"_kad_post_classname":"","footnotes":""},"categories":[100,114],"tags":[115,73],"class_list":["post-229497","post","type-post","status-publish","format-standard","hentry","category-100","category-angelus","tag-audio","tag-benedetto-xvi"],"_links":{"self":[{"href":"https:\/\/archivio.cercoiltuovolto.it\/index.php?rest_route=\/wp\/v2\/posts\/229497","targetHints":{"allow":["GET"]}}],"collection":[{"href":"https:\/\/archivio.cercoiltuovolto.it\/index.php?rest_route=\/wp\/v2\/posts"}],"about":[{"href":"https:\/\/archivio.cercoiltuovolto.it\/index.php?rest_route=\/wp\/v2\/types\/post"}],"author":[{"embeddable":true,"href":"https:\/\/archivio.cercoiltuovolto.it\/index.php?rest_route=\/wp\/v2\/users\/3"}],"replies":[{"embeddable":true,"href":"https:\/\/archivio.cercoiltuovolto.it\/index.php?rest_route=%2Fwp%2Fv2%2Fcomments&post=229497"}],"version-history":[{"count":1,"href":"https:\/\/archivio.cercoiltuovolto.it\/index.php?rest_route=\/wp\/v2\/posts\/229497\/revisions"}],"predecessor-version":[{"id":230258,"href":"https:\/\/archivio.cercoiltuovolto.it\/index.php?rest_route=\/wp\/v2\/posts\/229497\/revisions\/230258"}],"wp:attachment":[{"href":"https:\/\/archivio.cercoiltuovolto.it\/index.php?rest_route=%2Fwp%2Fv2%2Fmedia&parent=229497"}],"wp:term":[{"taxonomy":"category","embeddable":true,"href":"https:\/\/archivio.cercoiltuovolto.it\/index.php?rest_route=%2Fwp%2Fv2%2Fcategories&post=229497"},{"taxonomy":"post_tag","embeddable":true,"href":"https:\/\/archivio.cercoiltuovolto.it\/index.php?rest_route=%2Fwp%2Fv2%2Ftags&post=229497"}],"curies":[{"name":"wp","href":"https:\/\/api.w.org\/{rel}","templated":true}]}}