{"id":229457,"date":"2010-01-23T21:29:42","date_gmt":"2010-01-23T21:29:42","guid":{"rendered":"https:\/\/archivio.cercoiltuovolto.it\/?p=229457"},"modified":"2026-07-03T12:12:28","modified_gmt":"2026-07-03T12:12:28","slug":"commento-al-vangelo-del-24-gennaio-2010-don-massimo-serretti","status":"publish","type":"post","link":"https:\/\/archivio.cercoiltuovolto.it\/?p=229457","title":{"rendered":"Commento al Vangelo del 24 gennaio 2010 &#8211; don Massimo Serretti"},"content":{"rendered":"<p style=\"text-align: justify;\">In questa  terza Domenica del Tempo Ordinario la liturgia ci presenta il Vangelo in  cui Ges\u00f9, entrato nella Sinagoga di Nazaret, legge il passo di Isaia  laddove dice: \u00abLo Spirito del Signore \u00e8 sopra di me; per questo mi ha  consacrato con l\u2019unzione e mi ha mandato a portare ai poveri il lieto  annuncio\u201d. Quindi, conclude:<em><\/em><\/p>\n<blockquote>\n<p style=\"text-align: justify;\"><em>\u00abOggi si \u00e8 compiuta questa  Scrittura che voi avete ascoltato\u00bb<\/em><\/p>\n<\/blockquote>\n<p>Su  questo brano del Vangelo, ascoltiamo il commento del teologo, <strong>don   Massimo Serretti<\/strong>, docente di Dogmatica alla Pontificia  Universit\u00e0  Lateranense<\/p>\n<p>[powerpress]<\/p>\n<blockquote>\n<p style=\"text-align: justify;\">Quel sabato  mattina accadde qualcosa di straordinario nella piccola sinagoga di  Nazaret. Come tutti i sabati mattina erano state recitate le preghiere,  le benedizioni, lo shem\u00e0, la professione di fede , la tefill\u00e0 e la benedizione sacerdotale. A seguire c&#8217;era stata la lettura della torah,  di alcune parti dei libri di Mos\u00e8 (para\u0161a), e ad essa  doveva seguire la lettura di un brano tratto dai Profeti (haftara).  A questo punto, nell&#8217;ordinariet\u00e0 della liturgia sinagogale abituale, si  inser\u00ec, quella mattina, l&#8217;intervento di Ges\u00f9. Egli si alz\u00f2 per leggere  quest&#8217;ultima lettura, prima delle parafrasi e delle spiegazioni dei  brani ascoltati. Dopo la sua lettura accadde qualcosa che ancora oggi  non cessa di accadere. Prima di quel giorno e di quell&#8217;ora tutti erano  centrati sulla Scrittura, sulle parole scritte nel rotolo, ora, \u00abgli  occhi di tutti erano fissi su di Lui\u00bb. Dalla parola alla persona.<br \/>\n Ges\u00f9  annuncia il compimento di quelle antiche parole profetiche nella sua  stessa persona. Il compimento \u00e8 l\u00ec presente in persona. Il compimento  comporta uno spostamento del centro di attenzione. \u00abVoi  scrutate le Scritture &#8211; dir\u00e0 Ges\u00f9 in altra occasione &#8211;\u00a0credendo di avere  in esse la vita eterna; ebbene, sono proprio esse che mi rendono  testimonianza.\u00a0 Ma voi non volete venire a me per avere la vita\u00bb (Gv 5, 39s.).<br \/>\n Siamo chiamati  a ricentrare il nostro sguardo \u00abtenendolo fisso su Ges\u00f9\u00bb che \u00abd\u00e0  origine alla fede e la porta compimento\u00bb (Eb 12,2).<\/p>\n<\/blockquote>\n<p class=\"cassetta\">Fonte: Radio Vaticana<\/p>\n","protected":false},"excerpt":{"rendered":"<p>In questa terza Domenica del Tempo Ordinario la liturgia ci presenta il Vangelo in cui Ges\u00f9, entrato nella Sinagoga di Nazaret, legge il passo di Isaia laddove dice: \u00abLo Spirito del Signore \u00e8 sopra di me; per questo mi ha consacrato con l\u2019unzione e mi ha mandato a portare ai poveri il lieto annuncio\u201d. Quindi,&#8230;<\/p>\n","protected":false},"author":3,"featured_media":0,"comment_status":"closed","ping_status":"closed","sticky":false,"template":"","format":"standard","meta":{"_kad_post_transparent":"","_kad_post_title":"","_kad_post_layout":"","_kad_post_sidebar_id":"","_kad_post_content_style":"","_kad_post_vertical_padding":"","_kad_post_feature":"","_kad_post_feature_position":"","_kad_post_header":false,"_kad_post_footer":false,"_kad_post_classname":"","footnotes":""},"categories":[100,4],"tags":[5,27,172],"class_list":["post-229457","post","type-post","status-publish","format-standard","hentry","category-100","category-audio-cattolici","tag-commento-al-vangelo","tag-radio-vaticana","tag-vangelo-della-domenica"],"_links":{"self":[{"href":"https:\/\/archivio.cercoiltuovolto.it\/index.php?rest_route=\/wp\/v2\/posts\/229457","targetHints":{"allow":["GET"]}}],"collection":[{"href":"https:\/\/archivio.cercoiltuovolto.it\/index.php?rest_route=\/wp\/v2\/posts"}],"about":[{"href":"https:\/\/archivio.cercoiltuovolto.it\/index.php?rest_route=\/wp\/v2\/types\/post"}],"author":[{"embeddable":true,"href":"https:\/\/archivio.cercoiltuovolto.it\/index.php?rest_route=\/wp\/v2\/users\/3"}],"replies":[{"embeddable":true,"href":"https:\/\/archivio.cercoiltuovolto.it\/index.php?rest_route=%2Fwp%2Fv2%2Fcomments&post=229457"}],"version-history":[{"count":1,"href":"https:\/\/archivio.cercoiltuovolto.it\/index.php?rest_route=\/wp\/v2\/posts\/229457\/revisions"}],"predecessor-version":[{"id":230304,"href":"https:\/\/archivio.cercoiltuovolto.it\/index.php?rest_route=\/wp\/v2\/posts\/229457\/revisions\/230304"}],"wp:attachment":[{"href":"https:\/\/archivio.cercoiltuovolto.it\/index.php?rest_route=%2Fwp%2Fv2%2Fmedia&parent=229457"}],"wp:term":[{"taxonomy":"category","embeddable":true,"href":"https:\/\/archivio.cercoiltuovolto.it\/index.php?rest_route=%2Fwp%2Fv2%2Fcategories&post=229457"},{"taxonomy":"post_tag","embeddable":true,"href":"https:\/\/archivio.cercoiltuovolto.it\/index.php?rest_route=%2Fwp%2Fv2%2Ftags&post=229457"}],"curies":[{"name":"wp","href":"https:\/\/api.w.org\/{rel}","templated":true}]}}