{"id":229455,"date":"2010-01-23T21:10:14","date_gmt":"2010-01-23T21:10:14","guid":{"rendered":"https:\/\/archivio.cercoiltuovolto.it\/?p=229455"},"modified":"2026-07-03T12:12:28","modified_gmt":"2026-07-03T12:12:28","slug":"iii-domenica-del-tempo-ordinario-24-gennaio-2010","status":"publish","type":"post","link":"https:\/\/archivio.cercoiltuovolto.it\/?p=229455","title":{"rendered":"III Domenica del Tempo Ordinario &#8211; 24 gennaio 2010"},"content":{"rendered":"<p>Poich\u00e9 molti hanno cercato di raccontare con ordine gli avvenimenti che  si sono compiuti in mezzo a noi, come ce li hanno trasmessi coloro che  ne furono testimoni oculari fin da principio e divennero ministri della  Parola, cos\u00ec anch\u2019io ho deciso di fare ricerche accurate su ogni  circostanza, fin dagli inizi, e di scriverne un resoconto ordinato per  te, illustre Te\u00f2filo, in modo che tu possa renderti conto della solidit\u00e0  degli insegnamenti che hai ricevuto.<br \/>\nIn quel tempo, Ges\u00f9 ritorn\u00f2 in  Galilea con la potenza dello Spirito e la sua fama si diffuse in tutta  la regione. Insegnava nelle loro sinagoghe e gli rendevano lode.<br \/>\nVenne  a N\u00e0zaret, dove era cresciuto, e secondo il suo solito, di sabato,  entr\u00f2 nella sinagoga e si alz\u00f2 a leggere. Gli fu dato il rotolo del  profeta Isa\u00eca; apr\u00ec il rotolo e trov\u00f2 il passo dove era scritto:<br \/>\n\u00abLo  Spirito del Signore \u00e8 sopra di me;<br \/>\nper questo mi ha consacrato con  l\u2019unzione<br \/>\ne mi ha mandato a portare ai poveri il lieto annuncio,<br \/>\na  proclamare ai prigionieri la liberazione<br \/>\ne ai ciechi la vista;<br \/>\na  rimettere in libert\u00e0 gli oppressi<br \/>\ne proclamare l\u2019anno di grazia del  Signore\u00bb.<br \/>\nRiavvolse il rotolo, lo riconsegn\u00f2 all\u2019inserviente e  sedette. Nella sinagoga, gli occhi di tutti erano fissi su di lui.  Allora cominci\u00f2 a dire loro: \u00abOggi si \u00e8 compiuta questa Scrittura che  voi avete ascoltato\u00bb.<\/p>\n<p style=\"text-align: center;\">\n<p>Il tesoro nel campo via <a href=\"http:\/\/www.iltesoro.org\/2010\/01\/iii-domenica-del-tempo-ordinario.html\">III Domenica del Tempo Ordinario<\/a>.<\/p>\n","protected":false},"excerpt":{"rendered":"<p>Poich\u00e9 molti hanno cercato di raccontare con ordine gli avvenimenti che si sono compiuti in mezzo a noi, come ce li hanno trasmessi coloro che ne furono testimoni oculari fin da principio e divennero ministri della Parola, cos\u00ec anch\u2019io ho deciso di fare ricerche accurate su ogni circostanza, fin dagli inizi, e di scriverne un&#8230;<\/p>\n","protected":false},"author":3,"featured_media":0,"comment_status":"closed","ping_status":"closed","sticky":false,"template":"","format":"standard","meta":{"_kad_post_transparent":"","_kad_post_title":"","_kad_post_layout":"","_kad_post_sidebar_id":"","_kad_post_content_style":"","_kad_post_vertical_padding":"","_kad_post_feature":"","_kad_post_feature_position":"","_kad_post_header":false,"_kad_post_footer":false,"_kad_post_classname":"","footnotes":""},"categories":[100,147],"tags":[172,113],"class_list":["post-229455","post","type-post","status-publish","format-standard","hentry","category-100","category-commento-al-vangelo","tag-vangelo-della-domenica","tag-video"],"_links":{"self":[{"href":"https:\/\/archivio.cercoiltuovolto.it\/index.php?rest_route=\/wp\/v2\/posts\/229455","targetHints":{"allow":["GET"]}}],"collection":[{"href":"https:\/\/archivio.cercoiltuovolto.it\/index.php?rest_route=\/wp\/v2\/posts"}],"about":[{"href":"https:\/\/archivio.cercoiltuovolto.it\/index.php?rest_route=\/wp\/v2\/types\/post"}],"author":[{"embeddable":true,"href":"https:\/\/archivio.cercoiltuovolto.it\/index.php?rest_route=\/wp\/v2\/users\/3"}],"replies":[{"embeddable":true,"href":"https:\/\/archivio.cercoiltuovolto.it\/index.php?rest_route=%2Fwp%2Fv2%2Fcomments&post=229455"}],"version-history":[{"count":1,"href":"https:\/\/archivio.cercoiltuovolto.it\/index.php?rest_route=\/wp\/v2\/posts\/229455\/revisions"}],"predecessor-version":[{"id":230306,"href":"https:\/\/archivio.cercoiltuovolto.it\/index.php?rest_route=\/wp\/v2\/posts\/229455\/revisions\/230306"}],"wp:attachment":[{"href":"https:\/\/archivio.cercoiltuovolto.it\/index.php?rest_route=%2Fwp%2Fv2%2Fmedia&parent=229455"}],"wp:term":[{"taxonomy":"category","embeddable":true,"href":"https:\/\/archivio.cercoiltuovolto.it\/index.php?rest_route=%2Fwp%2Fv2%2Fcategories&post=229455"},{"taxonomy":"post_tag","embeddable":true,"href":"https:\/\/archivio.cercoiltuovolto.it\/index.php?rest_route=%2Fwp%2Fv2%2Ftags&post=229455"}],"curies":[{"name":"wp","href":"https:\/\/api.w.org\/{rel}","templated":true}]}}