{"id":229445,"date":"2010-01-24T06:26:16","date_gmt":"2010-01-24T06:26:16","guid":{"rendered":"https:\/\/archivio.cercoiltuovolto.it\/?p=229445"},"modified":"2026-07-03T12:12:28","modified_gmt":"2026-07-03T12:12:28","slug":"binario-21-un-treno-per-auschwitz","status":"publish","type":"post","link":"https:\/\/archivio.cercoiltuovolto.it\/?p=229445","title":{"rendered":"Binario 21. Un treno per Auschwitz"},"content":{"rendered":"<blockquote>\n<p style=\"text-align: justify;\"><a href=\"http:\/\/www.cercoiltuovolto.it\/\/wp-content\/uploads\/2010\/01\/binario-21.jpg\"><img loading=\"lazy\" decoding=\"async\" class=\"alignleft size-full wp-image-9215\" title=\"binario 21\" src=\"http:\/\/www.cercoiltuovolto.it\/\/wp-content\/uploads\/2010\/01\/binario-21.jpg\" alt=\"\" width=\"200\" height=\"312\" \/><\/a>Il libro racconta, come in un reportage giornalistico, il viaggio degli studenti e dei pensionati lombardi che in treno raggiungono i campi di concentramento in Polonia. Questo viaggio e gi\u00e0 alla quinta edizione di una iniziativa voluta dalla Provincia di Milano. Il treno della Provincia di Milano e stato gemellato con quello dei sindacati Cgil e Cisl di altre Province italiane: in tutto 1200 fra studenti, lavoratori e pensionati, oltre ai giornalisti al seguito.<\/p>\n<p style=\"text-align: justify;\">Venti ore di lentissimo viaggio, sulle tracce dei deportati (605 ebrei che partirono dal Binario 21 della Stazione Centrale di Milano il 30 gennaio 1944). E&#8217; un lungo viaggio attraverso l\u2019Europa che scava in tutti un segno indelebile.<\/p>\n<p style=\"text-align: justify;\">Assieme ai ragazzi viaggiano, oltre ai pensionati e ai giornalisti, anche musicisti, studiosi e insegnanti.<\/p>\n<p style=\"text-align: justify;\">Durante il viaggio, la carrozza ristorante diventa il centro propulsivo e anche creativo del \u201cTreno della Memoria\u201d che avanza tra i ricordi, senza fermarsi. Infatti, si canta, si leggono i libri-testimonianza di Primo Levi, si fanno riflessioni, aiutati dalle testimonianze degli ultimi sopravvissuti, ci si scambia idee e punti di vista su quegli eventi che sembrano oggi incredibili.<\/p>\n<p style=\"text-align: justify;\">Per gli studenti delle scuole superiori lombarde sono momenti intensi e preparatori alla visita del campo di concentramento di Auschwitz.<\/p>\n<p style=\"text-align: justify;\">Questo viaggio \u00e8 voluto per costruire la Memoria delle atrocit\u00e0 del nazifascismo e contribuire a porre le premesse, coinvolgendo in questo compito i giovani in prima persona, perche ci\u00f2 che \u00e8 accaduto non accada mai pi\u00f9. L\u2019assenza della Memoria \u00e8 perdita dell\u2019identit\u00e0, con il rischio che prevalga quella che Primo Levi ha definito \u201czona grigia\u201d, cioe quella parte del nostro animo che cerca di sfuggire alle responsabilit\u00e0. (L\u2019autrice)<\/p>\n<p style=\"text-align: justify;\">Il libro \u00e8 arricchito di testimonianze e fotografie e della Presentazione di Ferruccio de Bortoli, direttore del Corriere della Sera.<\/p>\n<\/blockquote>\n<p style=\"text-align: justify;\">\u00a0<\/p>\n<blockquote>\n<h3>Guarda &#8220;il treno&#8221;<\/h3>\n<p style=\"text-align: center;\">\n<\/blockquote>\n<p class=\"sito-web\"><strong>Link utili<\/strong>: <a href=\"http:\/\/www.paoline.it\/SchedaProdottoEC.aspx?IdP=9788831537360#prefazione\" target=\"_blank\">Paoline.it<\/a> dove \u00e8 possibile guardare anche un altro filmato e leggere la <strong>prefazione<\/strong> di Ferruccio de Bortoli<\/p>\n<p class=\"acquista-paragrafo\"><a href=\"http:\/\/www.libreriadelsanto.it\/libri\/9788831537360\/binario-21-un-treno-per-auschwitz.html?p=sot\" target=\"_blank\">Acquista il libro<\/a> su Libreria del Santo<\/p>\n","protected":false},"excerpt":{"rendered":"<p>Il libro racconta, come in un reportage giornalistico, il viaggio degli studenti e dei pensionati lombardi che in treno raggiungono i campi di concentramento in Polonia. Questo viaggio e gi\u00e0 alla quinta edizione di una iniziativa voluta dalla Provincia di Milano. Il treno della Provincia di Milano e stato gemellato con quello dei sindacati Cgil&#8230;<\/p>\n","protected":false},"author":3,"featured_media":0,"comment_status":"closed","ping_status":"closed","sticky":false,"template":"","format":"standard","meta":{"_kad_post_transparent":"","_kad_post_title":"","_kad_post_layout":"","_kad_post_sidebar_id":"","_kad_post_content_style":"","_kad_post_vertical_padding":"","_kad_post_feature":"","_kad_post_feature_position":"","_kad_post_header":false,"_kad_post_footer":false,"_kad_post_classname":"","footnotes":""},"categories":[100,152],"tags":[17,79],"class_list":["post-229445","post","type-post","status-publish","format-standard","hentry","category-100","category-iniziative","tag-libri","tag-persone"],"_links":{"self":[{"href":"https:\/\/archivio.cercoiltuovolto.it\/index.php?rest_route=\/wp\/v2\/posts\/229445","targetHints":{"allow":["GET"]}}],"collection":[{"href":"https:\/\/archivio.cercoiltuovolto.it\/index.php?rest_route=\/wp\/v2\/posts"}],"about":[{"href":"https:\/\/archivio.cercoiltuovolto.it\/index.php?rest_route=\/wp\/v2\/types\/post"}],"author":[{"embeddable":true,"href":"https:\/\/archivio.cercoiltuovolto.it\/index.php?rest_route=\/wp\/v2\/users\/3"}],"replies":[{"embeddable":true,"href":"https:\/\/archivio.cercoiltuovolto.it\/index.php?rest_route=%2Fwp%2Fv2%2Fcomments&post=229445"}],"version-history":[{"count":1,"href":"https:\/\/archivio.cercoiltuovolto.it\/index.php?rest_route=\/wp\/v2\/posts\/229445\/revisions"}],"predecessor-version":[{"id":230298,"href":"https:\/\/archivio.cercoiltuovolto.it\/index.php?rest_route=\/wp\/v2\/posts\/229445\/revisions\/230298"}],"wp:attachment":[{"href":"https:\/\/archivio.cercoiltuovolto.it\/index.php?rest_route=%2Fwp%2Fv2%2Fmedia&parent=229445"}],"wp:term":[{"taxonomy":"category","embeddable":true,"href":"https:\/\/archivio.cercoiltuovolto.it\/index.php?rest_route=%2Fwp%2Fv2%2Fcategories&post=229445"},{"taxonomy":"post_tag","embeddable":true,"href":"https:\/\/archivio.cercoiltuovolto.it\/index.php?rest_route=%2Fwp%2Fv2%2Ftags&post=229445"}],"curies":[{"name":"wp","href":"https:\/\/api.w.org\/{rel}","templated":true}]}}