{"id":229444,"date":"2010-01-24T06:00:01","date_gmt":"2010-01-24T06:00:01","guid":{"rendered":"https:\/\/archivio.cercoiltuovolto.it\/?p=229444"},"modified":"2026-07-03T12:12:28","modified_gmt":"2026-07-03T12:12:28","slug":"perche-pregare-come-pregare-enzo-bianchi","status":"publish","type":"post","link":"https:\/\/archivio.cercoiltuovolto.it\/?p=229444","title":{"rendered":"Perche&#8217; pregare, come pregare &#8211; Enzo Bianchi"},"content":{"rendered":"<p style=\"text-align: justify;\"><a href=\"http:\/\/www.cercoiltuovolto.it\/\/wp-content\/uploads\/2010\/01\/Perche-pregare-come-pregare.jpg\"><img loading=\"lazy\" decoding=\"async\" class=\"alignleft size-medium wp-image-9185\" title=\"Perche' pregare, come pregare\" src=\"http:\/\/www.cercoiltuovolto.it\/\/wp-content\/uploads\/2010\/01\/Perche-pregare-come-pregare-194x300.jpg\" alt=\"\" width=\"194\" height=\"300\" \/><\/a>In un tempo in cui si avverte una crescente &#8220;sete&#8221; di spiritualit\u00e0, tanto nei credenti che, forse ancor di pi\u00f9, nei non credenti, il tema della preghiera assume un&#8217;importanza decisiva. A condizione di liberarlo da inutili sovra strutture e da fraintendimenti che ne sviliscono il valore. Proprio questo \u00e8 quanto si propone di fare Enzo Bianchi in questo saggio: riscoprire la freschezza e la vera natura della preghiera cristiana, ricollocandola nel solco della rivelazione biblica. L&#8217;autore, da profondo conoscitore del mondo e dello spirito, analizza l&#8217;evoluzione della preghiera nelle diverse epoche storiche, fino ai giorni nostri, dipingendo un quadro in cui anche il lettore meno praticante non potr\u00e0 non riconoscersi. La preghiera diventa cos\u00ec cifra interpretativa della cultura e della sua trasformazione. Il testo affronta inoltre le difficolt\u00e0 pi\u00f9 comuni nella preghiera, fornendo risposte e interpretazioni profonde e ricche di senso, capaci di soddisfare la curiosit\u00e0 di ogni persona in ricerca.<\/p>\n<blockquote>\n<h3>Ascolta la riflessione di don Marco Busca &#8211; <a href=\"http:\/\/www.radiovoce.it\/podcast_dettagli.php?get_id=2758\" target=\"_blank\">Radio Voce in Blu<\/a><\/h3>\n<p>[powerpress]<\/p>\n<\/blockquote>\n<p class=\"acquista-paragrafo\"><a href=\"http:\/\/www.libreriadelsanto.it\/libri\/9788821565915\/perche-pregare-come-pregare.html?p=sot\" target=\"_blank\">Acquista il libro<\/a> su Libreria del Santo<\/p>\n","protected":false},"excerpt":{"rendered":"<p>In un tempo in cui si avverte una crescente &#8220;sete&#8221; di spiritualit\u00e0, tanto nei credenti che, forse ancor di pi\u00f9, nei non credenti, il tema della preghiera assume un&#8217;importanza decisiva. A condizione di liberarlo da inutili sovra strutture e da fraintendimenti che ne sviliscono il valore. Proprio questo \u00e8 quanto si propone di fare Enzo&#8230;<\/p>\n","protected":false},"author":3,"featured_media":0,"comment_status":"closed","ping_status":"closed","sticky":false,"template":"","format":"standard","meta":{"_kad_post_transparent":"","_kad_post_title":"","_kad_post_layout":"","_kad_post_sidebar_id":"","_kad_post_content_style":"","_kad_post_vertical_padding":"","_kad_post_feature":"","_kad_post_feature_position":"","_kad_post_header":false,"_kad_post_footer":false,"_kad_post_classname":"","footnotes":""},"categories":[100,3],"tags":[17,306],"class_list":["post-229444","post","type-post","status-publish","format-standard","hentry","category-100","category-libri","tag-libri","tag-pregare"],"_links":{"self":[{"href":"https:\/\/archivio.cercoiltuovolto.it\/index.php?rest_route=\/wp\/v2\/posts\/229444","targetHints":{"allow":["GET"]}}],"collection":[{"href":"https:\/\/archivio.cercoiltuovolto.it\/index.php?rest_route=\/wp\/v2\/posts"}],"about":[{"href":"https:\/\/archivio.cercoiltuovolto.it\/index.php?rest_route=\/wp\/v2\/types\/post"}],"author":[{"embeddable":true,"href":"https:\/\/archivio.cercoiltuovolto.it\/index.php?rest_route=\/wp\/v2\/users\/3"}],"replies":[{"embeddable":true,"href":"https:\/\/archivio.cercoiltuovolto.it\/index.php?rest_route=%2Fwp%2Fv2%2Fcomments&post=229444"}],"version-history":[{"count":1,"href":"https:\/\/archivio.cercoiltuovolto.it\/index.php?rest_route=\/wp\/v2\/posts\/229444\/revisions"}],"predecessor-version":[{"id":230300,"href":"https:\/\/archivio.cercoiltuovolto.it\/index.php?rest_route=\/wp\/v2\/posts\/229444\/revisions\/230300"}],"wp:attachment":[{"href":"https:\/\/archivio.cercoiltuovolto.it\/index.php?rest_route=%2Fwp%2Fv2%2Fmedia&parent=229444"}],"wp:term":[{"taxonomy":"category","embeddable":true,"href":"https:\/\/archivio.cercoiltuovolto.it\/index.php?rest_route=%2Fwp%2Fv2%2Fcategories&post=229444"},{"taxonomy":"post_tag","embeddable":true,"href":"https:\/\/archivio.cercoiltuovolto.it\/index.php?rest_route=%2Fwp%2Fv2%2Ftags&post=229444"}],"curies":[{"name":"wp","href":"https:\/\/api.w.org\/{rel}","templated":true}]}}