{"id":229440,"date":"2010-01-21T18:45:55","date_gmt":"2010-01-21T18:45:55","guid":{"rendered":"https:\/\/archivio.cercoiltuovolto.it\/?p=229440"},"modified":"2026-07-03T12:12:28","modified_gmt":"2026-07-03T12:12:28","slug":"video-vangelo-del-24012010-iii-domenica-del-tempo-ordinario","status":"publish","type":"post","link":"https:\/\/archivio.cercoiltuovolto.it\/?p=229440","title":{"rendered":"Video Vangelo del 24\/01\/2010 &#8211; III Domenica del Tempo Ordinario"},"content":{"rendered":"<p style=\"text-align: center;\"><img loading=\"lazy\" decoding=\"async\" style=\"border: 0px solid #000000; margin: 5px; width: 304px; height: 140px;\" title=\"Audiovisivi\" src=\"http:\/\/www.cercoiltuovolto.it\/\/images\/stories\/logo\/logo_testata_audiovisivi.jpg\" alt=\"Audiovisivi\" width=\"304\" height=\"140\" \/><\/p>\n<p style=\"text-align: left;\"><strong>Guarda il video della lettura del vangelo<\/strong> della settimana e le <strong>riflessioni <\/strong>affidate a diversi commentatori.<\/p>\n<p style=\"text-align: left;\"><strong>Video Vangelo<\/strong> del  24 gennaio 2010 &#8211; <strong>III DOMENICA   DEL TEMPO ORDINARIO      (ANNO C)<\/strong><\/p>\n<p style=\"text-align: left;\"><strong> <\/strong><strong>Commento <\/strong>di padre Gino Toppan\u00a0| <strong>Lettrice<\/strong> Elena Gianni<\/p>\n<p style=\"text-align: center;\">\n<blockquote>\n<p style=\"text-align: justify;\"><strong>Vangelo Lc 1,1-4; 4,14-21<\/strong> <br \/>\n Oggi si \u00e8 compiuta questa Scrittura. <br \/>\n <em>+Dal Vangelo secondo Luca<\/em> <br \/>\n Poich\u00e9 molti hanno cercato di raccontare con ordine gli avvenimenti che si sono compiuti in mezzo a noi, come ce li hanno trasmessi coloro che ne furono testimoni oculari fin da principio e divennero ministri della Parola, cos\u00ec anch&#8217;io ho deciso di fare ricerche accurate su ogni circostanza, fin dagli inizi, e di scriverne un resoconto ordinato per te, illustre Te\u00f2filo, in modo che tu possa renderti conto della solidit\u00e0 degli insegnamenti che hai ricevuto. <br \/>\n In quel tempo, Ges\u00f9 ritorn\u00f2 in Galilea con la potenza dello Spirito e la sua fama si diffuse in tutta la regione.<br \/>\n Insegnava nelle loro sinagoghe e gli rendevano lode. Venne a N\u00e0zaret, dove era cresciuto, e secondo il suo solito, di sabato, entr\u00f2 nella sinagoga e si alz\u00f2 a leggere.<br \/>\n Gli fu dato il rotolo del profeta Isa\u00eca; apr\u00ec il rotolo e trov\u00f2 il passo dove era scritto: \u00abLo Spirito del Signore \u00e8 sopra di me; per questo mi ha consacrato con l&#8217;unzione e mi ha mandato a portare ai poveri il lieto annuncio, a proclamare ai prigionieri la liberazione e ai ciechi la vista; a rimettere in libert\u00e0 gli oppressi e proclamare l&#8217;anno di grazia del Signore\u00bb. Riavvolse il rotolo, lo riconsegn\u00f2 all&#8217;inserviente e sedette. Nella sinagoga, gli occhi di tutti erano fissi su di lui. <br \/>\n Allora cominci\u00f2 a dire loro: \u00abOggi si \u00e8 compiuta questa Scrittura che voi avete ascoltato\u00bb.<\/p>\n<\/blockquote>\n<p class=\"info\" style=\"text-align: justify;\"><strong>Fonte del video<\/strong>: Centro Audiovisivi &#8211; La Buona Notizia<\/p>\n","protected":false},"excerpt":{"rendered":"<p>Guarda il video della lettura del vangelo della settimana e le riflessioni affidate a diversi commentatori. Video Vangelo del 24 gennaio 2010 &#8211; III DOMENICA DEL TEMPO ORDINARIO (ANNO C) Commento di padre Gino Toppan\u00a0| Lettrice Elena Gianni Vangelo Lc 1,1-4; 4,14-21 Oggi si \u00e8 compiuta questa Scrittura. +Dal Vangelo secondo Luca Poich\u00e9 molti hanno&#8230;<\/p>\n","protected":false},"author":3,"featured_media":0,"comment_status":"closed","ping_status":"closed","sticky":false,"template":"","format":"standard","meta":{"_kad_post_transparent":"","_kad_post_title":"","_kad_post_layout":"","_kad_post_sidebar_id":"","_kad_post_content_style":"","_kad_post_vertical_padding":"","_kad_post_feature":"","_kad_post_feature_position":"","_kad_post_header":false,"_kad_post_footer":false,"_kad_post_classname":"","footnotes":""},"categories":[100,147],"tags":[42,172,113],"class_list":["post-229440","post","type-post","status-publish","format-standard","hentry","category-100","category-commento-al-vangelo","tag-lettura-del-vangelo","tag-vangelo-della-domenica","tag-video"],"_links":{"self":[{"href":"https:\/\/archivio.cercoiltuovolto.it\/index.php?rest_route=\/wp\/v2\/posts\/229440","targetHints":{"allow":["GET"]}}],"collection":[{"href":"https:\/\/archivio.cercoiltuovolto.it\/index.php?rest_route=\/wp\/v2\/posts"}],"about":[{"href":"https:\/\/archivio.cercoiltuovolto.it\/index.php?rest_route=\/wp\/v2\/types\/post"}],"author":[{"embeddable":true,"href":"https:\/\/archivio.cercoiltuovolto.it\/index.php?rest_route=\/wp\/v2\/users\/3"}],"replies":[{"embeddable":true,"href":"https:\/\/archivio.cercoiltuovolto.it\/index.php?rest_route=%2Fwp%2Fv2%2Fcomments&post=229440"}],"version-history":[{"count":1,"href":"https:\/\/archivio.cercoiltuovolto.it\/index.php?rest_route=\/wp\/v2\/posts\/229440\/revisions"}],"predecessor-version":[{"id":230319,"href":"https:\/\/archivio.cercoiltuovolto.it\/index.php?rest_route=\/wp\/v2\/posts\/229440\/revisions\/230319"}],"wp:attachment":[{"href":"https:\/\/archivio.cercoiltuovolto.it\/index.php?rest_route=%2Fwp%2Fv2%2Fmedia&parent=229440"}],"wp:term":[{"taxonomy":"category","embeddable":true,"href":"https:\/\/archivio.cercoiltuovolto.it\/index.php?rest_route=%2Fwp%2Fv2%2Fcategories&post=229440"},{"taxonomy":"post_tag","embeddable":true,"href":"https:\/\/archivio.cercoiltuovolto.it\/index.php?rest_route=%2Fwp%2Fv2%2Ftags&post=229440"}],"curies":[{"name":"wp","href":"https:\/\/api.w.org\/{rel}","templated":true}]}}