{"id":229428,"date":"2010-01-21T06:23:17","date_gmt":"2010-01-21T06:23:17","guid":{"rendered":"https:\/\/archivio.cercoiltuovolto.it\/?p=229428"},"modified":"2026-07-03T12:12:28","modified_gmt":"2026-07-03T12:12:28","slug":"commento-al-vangelo-del-24-gennaio-2010-paolo-curtaz","status":"publish","type":"post","link":"https:\/\/archivio.cercoiltuovolto.it\/?p=229428","title":{"rendered":"Commento al Vangelo del 24 gennaio 2010 &#8211; Paolo Curtaz"},"content":{"rendered":"<p style=\"text-align: justify;\">Terza domenica durante l&#8217;anno, anno di Luca<br \/>\n Ne 8,2-4.5-6.8-10\/1Cor 12,12-14.27\/Lc 1,1-4. 4,14-21<\/p>\n<h3>Buone Notizie, nonostante tutto<\/h3>\n<p style=\"text-align: justify;\">L\u2019acqua della quotidianit\u00e0, la fatica dell\u2019abitudine, lo strazio del dolore possono essere trasformati nel vino della festa: Ges\u00f9 \u00e8 lo sposo dell\u2019umanit\u00e0 che ci svela che l\u2019incontro con Dio \u00e8 una festa di matrimonio riuscita.<\/p>\n<p style=\"text-align: justify;\">In questi giorni, in cui le drammatiche immagini di Haiti invadono le nostre case, abbiamo bisogno di ridirci questa notizia, di credere che esiste un senso, un luogo di speranza, una luce al di l\u00e0 delle tenebre. Eventi come quelli di Haiti ci ricordano che facciamo parte di un Universo in evoluzione, di una Creazione che vive le doglie del parto, che siamo solo degli ospiti che Dio riempie di dignit\u00e0.<\/p>\n<p style=\"text-align: center;\">\n<h3>Ecco Luca<\/h3>\n<p style=\"text-align: justify;\">Luca ci assomiglia: come noi proviene e vive in un ambiente lontano dalla spiritualit\u00e0, come noi \u00e8 sollecitato da mille stimoli, da novit\u00e0 religiose \u201calla moda\u201d, come noi non ha mai visto Ges\u00f9 in vita sua, come noi (spero!) \u00e8 rimasto profondamente coinvolto dalla predicazione di un ebreo di nome Paolo, giunto ad Antiochia per parlare di un tale Ges\u00f9 morto e risorto, come noi \u00e8 cresciuto nella consapevolezza che Dio \u00e8 tenerezza infinita.<\/p>\n<p style=\"text-align: justify;\">Leggendo Luca ne rintracciamo l\u2019evoluzione interiore, il percorso, il carattere, cos\u00ec come riusciamo a conoscere le persone quando iniziamo con esse un\u2019intensa corrispondenza.<\/p>\n<p style=\"text-align: justify;\">Luca \u00e8 stato educato nella religione dei padri, zeppa di divinit\u00e0 capricciose e strane, umorali e biliose, che imitano, nel loro Pantheon, i difetti e i limiti degli uomini.<\/p>\n<p style=\"text-align: justify;\">Divinit\u00e0 lontane, incomprensibili, scostanti, messe in ridicolo dall\u2019annuncio di Paolo.<\/p>\n<p style=\"text-align: justify;\">Dio \u00e8 diverso, dice l\u2019ebreo di Tarso, \u00e8 un padre pieno di tenerezza, che cerca e ama ciascuno dei suoi figli. E Luca ne fa esperienza.<\/p>\n<p style=\"text-align: justify;\">Spinto da Paolo, dopo alcuni anni di discepolato, Luca accetta di scrivere un resoconto ordinato delle cose accadute tra le prime comunit\u00e0.<\/p>\n<p style=\"text-align: justify;\">Storico puntiglioso e appassionato, Luca dedica molto tempo ad ascoltare i testimoni diretti e a redigere uno splendido vangelo, il vangelo della mansuetudine di Cristo.<\/p>\n<h3>Seriet\u00e0<\/h3>\n<p style=\"text-align: justify;\"><a href=\"http:\/\/www.cercoiltuovolto.it\/\/wp-content\/uploads\/2010\/01\/cristo-nella-sinagoga.jpg\"><img loading=\"lazy\" decoding=\"async\" class=\"alignleft size-medium wp-image-9232\" title=\"Cristo nella sinagoga\" src=\"http:\/\/www.cercoiltuovolto.it\/\/wp-content\/uploads\/2010\/01\/cristo-nella-sinagoga-218x300.jpg\" alt=\"\" width=\"218\" height=\"300\" \/><\/a>Luca ha a cuore la sua seriet\u00e0 di storico, ci tiene a confermare la fede in cui \u00e8 rimasto coinvolto: non sono favole quelle in cui ha creduto, n\u00e9 pie elucubrazioni.<\/p>\n<p style=\"text-align: justify;\">Ha dato del tempo, Luca, a questa ricerca e ci tiene a precisarlo.<\/p>\n<p style=\"text-align: justify;\">Grande Luca! Fa bene a dirlo: neanche lui avrebbe immaginato che, a duemila anni di distanza, siamo ancora qui a giocare a fare gli intellettuali smaliziati, a guardare con sufficienza le pretese di storicit\u00e0 dei vangeli, a scrutare con arroganza il cristianesimo, a lasciarci turbare (!) dalle affascinanti teorie di un romanziere furbetto.<\/p>\n<p style=\"text-align: justify;\">Siamo convinti che la religione sia qualcosa di utile s\u00ec, male non ne fa, insegna il bene, ma che in fondo in fondo tutto si risolva in una pia esortazione che non pu\u00f2 certo passare al vaglio della storia o della scienza.<\/p>\n<p style=\"text-align: justify;\">Il vangelo \u00e8 e resta uno splendido esempio di libro religioso, Ges\u00f9 \u00e8 una figura ammirevole, ma tutto si confonde: morale, favola, dottrina\u2026<\/p>\n<p style=\"text-align: justify;\">Luca scuoterebbe la testa, invitandoci a prendere pi\u00f9 sul serio la nostra fede, a dedicare del tempo alla nostra preparazione, a renderci conto che la fede va nutrita, informata, capita, indagata. E invece no: le quattro nozioni imparate di malavoglia al catechismo sono, spesso, l\u2019unico approccio al cristianesimo che abbiamo conosciuto.<\/p>\n<p style=\"text-align: justify;\">Salvo poi essere convinti di sapere molto sulla fede: pi\u00f9 di una volta mi sono trovato durante una cena a disquisire di fede con fior di professionisti che si impantanavano miseramente nell\u2019ignoranza nell\u2019affrontare temi come l\u2019etica, la storicit\u00e0 dei vangeli e amenit\u00e0 del genere!<\/p>\n<p style=\"text-align: justify;\">Siamo seri: il problema \u00e8 la nostra pigrizia, il problema \u00e8 la dimenticanza: non ci importa della nostra interiorit\u00e0, non investiamo perch\u00e9 in fondo non ci crediamo. Smettiamola di giocare a fare gli atei, non nascondiamo la nostra mediocrit\u00e0 dietro una pretesa culturale poco seria e documentata, portiamo rispetto per coloro che, davvero, hanno cercato e studiato e indagato.<\/p>\n<p style=\"text-align: justify;\">Mondo impigrito, il nostro, che affida ad altri l\u2019analisi per poi mandare a memoria un riassunto delle conclusioni masticate dai tuttologi di turno.<\/p>\n<p style=\"text-align: justify;\">Vuoi veramente cercare la fede? Indaga. Cerchi davvero Dio? Informati. Vuoi davvero dare senso alla tua vita? Fidati. S\u00ec perch\u00e9 \u2013 ci ricorda Luca \u2013 la fede nasce dalla testimonianza di chi ha visto e creduto.<\/p>\n<h3>Buone notizie<\/h3>\n<p style=\"text-align: justify;\">Ges\u00f9 inizia il suo ministero nella sinagoga di Nazareth: leggendo la splendida profezia di Isaia che vede un popolo di schiavi tornare dall\u2019esilio, il Messia proclama ufficialmente l\u2019inizio del Regno.<\/p>\n<p style=\"text-align: justify;\">Non sar\u00e0 ascoltato, lo sappiamo, allora e oggi.<\/p>\n<p style=\"text-align: justify;\">Ma a coloro che hanno in coraggio di fidarsi di Luca e degli altri, coloro che \u2013 sul serio \u2013 cercano risposte, le indicazioni di Ges\u00f9 sono davvero una splendida buona notizia. Nonostante tutto.<\/p>\n<p style=\"text-align: justify;\"><a href=\"http:\/\/www.paolocurtaz.it\" target=\"_blank\">Paolo Curtaz<\/a><\/p>\n","protected":false},"excerpt":{"rendered":"<p>Terza domenica durante l&#8217;anno, anno di Luca Ne 8,2-4.5-6.8-10\/1Cor 12,12-14.27\/Lc 1,1-4. 4,14-21 Buone Notizie, nonostante tutto L\u2019acqua della quotidianit\u00e0, la fatica dell\u2019abitudine, lo strazio del dolore possono essere trasformati nel vino della festa: Ges\u00f9 \u00e8 lo sposo dell\u2019umanit\u00e0 che ci svela che l\u2019incontro con Dio \u00e8 una festa di matrimonio riuscita. In questi giorni, in&#8230;<\/p>\n","protected":false},"author":3,"featured_media":0,"comment_status":"closed","ping_status":"closed","sticky":false,"template":"","format":"standard","meta":{"_kad_post_transparent":"","_kad_post_title":"","_kad_post_layout":"","_kad_post_sidebar_id":"","_kad_post_content_style":"","_kad_post_vertical_padding":"","_kad_post_feature":"","_kad_post_feature_position":"","_kad_post_header":false,"_kad_post_footer":false,"_kad_post_classname":"","footnotes":""},"categories":[100,147],"tags":[223,172,113],"class_list":["post-229428","post","type-post","status-publish","format-standard","hentry","category-100","category-commento-al-vangelo","tag-paolo-curtaz","tag-vangelo-della-domenica","tag-video"],"_links":{"self":[{"href":"https:\/\/archivio.cercoiltuovolto.it\/index.php?rest_route=\/wp\/v2\/posts\/229428","targetHints":{"allow":["GET"]}}],"collection":[{"href":"https:\/\/archivio.cercoiltuovolto.it\/index.php?rest_route=\/wp\/v2\/posts"}],"about":[{"href":"https:\/\/archivio.cercoiltuovolto.it\/index.php?rest_route=\/wp\/v2\/types\/post"}],"author":[{"embeddable":true,"href":"https:\/\/archivio.cercoiltuovolto.it\/index.php?rest_route=\/wp\/v2\/users\/3"}],"replies":[{"embeddable":true,"href":"https:\/\/archivio.cercoiltuovolto.it\/index.php?rest_route=%2Fwp%2Fv2%2Fcomments&post=229428"}],"version-history":[{"count":1,"href":"https:\/\/archivio.cercoiltuovolto.it\/index.php?rest_route=\/wp\/v2\/posts\/229428\/revisions"}],"predecessor-version":[{"id":230322,"href":"https:\/\/archivio.cercoiltuovolto.it\/index.php?rest_route=\/wp\/v2\/posts\/229428\/revisions\/230322"}],"wp:attachment":[{"href":"https:\/\/archivio.cercoiltuovolto.it\/index.php?rest_route=%2Fwp%2Fv2%2Fmedia&parent=229428"}],"wp:term":[{"taxonomy":"category","embeddable":true,"href":"https:\/\/archivio.cercoiltuovolto.it\/index.php?rest_route=%2Fwp%2Fv2%2Fcategories&post=229428"},{"taxonomy":"post_tag","embeddable":true,"href":"https:\/\/archivio.cercoiltuovolto.it\/index.php?rest_route=%2Fwp%2Fv2%2Ftags&post=229428"}],"curies":[{"name":"wp","href":"https:\/\/api.w.org\/{rel}","templated":true}]}}