{"id":229423,"date":"2010-01-18T12:44:51","date_gmt":"2010-01-18T12:44:51","guid":{"rendered":"https:\/\/archivio.cercoiltuovolto.it\/?p=229423"},"modified":"2026-07-03T12:12:28","modified_gmt":"2026-07-03T12:12:28","slug":"lumilta-louf-andre","status":"publish","type":"post","link":"https:\/\/archivio.cercoiltuovolto.it\/?p=229423","title":{"rendered":"L&#8217;umilt\u00e0 &#8211; Louf Andr\u00e9"},"content":{"rendered":"<p style=\"text-align: justify;\"><img loading=\"lazy\" decoding=\"async\" class=\"alignleft size-full wp-image-9174\" title=\"l-umilta\" src=\"http:\/\/www.cercoiltuovolto.it\/\/wp-content\/uploads\/2010\/01\/l-umilta.jpg\" alt=\"\" width=\"120\" height=\"172\" \/><em>L\u2019umilt\u00e0 \u00e8 il vestito di Dio. Chiunque riveste questo mantello, nel quale il nostro Creatore si \u00e8 rivelato, riveste lo stesso Cristo. (Isacco il Siro)<\/em><\/p>\n<p style=\"text-align: justify;\">Andr\u00e9 Louf (Lovanio 1929) \u00e8 entrato a vent\u2019anni nell\u2019abbazia trappista di Mont-des-Cats, nelle Fiandre francesi. Eletto abate durante il concilio Vaticano II, ha contribuito con i suoi scritti e la sua umile sapienza alla riscoperta degli elementi essenziali della vita cristiana in occidente e al rinnovamento della vita monastica invocato dal concilio. Lasciato nel 1998 il servizio abbaziale, vive oggi ritirato in un eremo. \u00c8 uno dei pi\u00f9 autorevoli maestri spirituali del nostro tempo.<\/p>\n<blockquote>\n<h3>Ascolta la riflessione di\u00a0Don Marco Busca &#8211; <a href=\"http:\/\/www.radiovoce.it\/podcast_dettagli.php?get_id=2757\" target=\"_blank\">Radio Voce in Blu<\/a><\/h3>\n<p>[powerpress]<\/p>\n<\/blockquote>\n<p class=\"acquista-paragrafo\"><a href=\"http:\/\/www.libreriadelsanto.it\/libri\/9788882270766\/lumilta.html?p=sot\" target=\"_blank\">Acquista il libro<\/a> su Libreria del Santo<\/p>\n","protected":false},"excerpt":{"rendered":"<p>L\u2019umilt\u00e0 \u00e8 il vestito di Dio. Chiunque riveste questo mantello, nel quale il nostro Creatore si \u00e8 rivelato, riveste lo stesso Cristo. (Isacco il Siro) Andr\u00e9 Louf (Lovanio 1929) \u00e8 entrato a vent\u2019anni nell\u2019abbazia trappista di Mont-des-Cats, nelle Fiandre francesi. Eletto abate durante il concilio Vaticano II, ha contribuito con i suoi scritti e la&#8230;<\/p>\n","protected":false},"author":3,"featured_media":0,"comment_status":"closed","ping_status":"closed","sticky":false,"template":"","format":"standard","meta":{"_kad_post_transparent":"","_kad_post_title":"","_kad_post_layout":"","_kad_post_sidebar_id":"","_kad_post_content_style":"","_kad_post_vertical_padding":"","_kad_post_feature":"","_kad_post_feature_position":"","_kad_post_header":false,"_kad_post_footer":false,"_kad_post_classname":"","footnotes":""},"categories":[100,3],"tags":[17],"class_list":["post-229423","post","type-post","status-publish","format-standard","hentry","category-100","category-libri","tag-libri"],"_links":{"self":[{"href":"https:\/\/archivio.cercoiltuovolto.it\/index.php?rest_route=\/wp\/v2\/posts\/229423","targetHints":{"allow":["GET"]}}],"collection":[{"href":"https:\/\/archivio.cercoiltuovolto.it\/index.php?rest_route=\/wp\/v2\/posts"}],"about":[{"href":"https:\/\/archivio.cercoiltuovolto.it\/index.php?rest_route=\/wp\/v2\/types\/post"}],"author":[{"embeddable":true,"href":"https:\/\/archivio.cercoiltuovolto.it\/index.php?rest_route=\/wp\/v2\/users\/3"}],"replies":[{"embeddable":true,"href":"https:\/\/archivio.cercoiltuovolto.it\/index.php?rest_route=%2Fwp%2Fv2%2Fcomments&post=229423"}],"version-history":[{"count":1,"href":"https:\/\/archivio.cercoiltuovolto.it\/index.php?rest_route=\/wp\/v2\/posts\/229423\/revisions"}],"predecessor-version":[{"id":230333,"href":"https:\/\/archivio.cercoiltuovolto.it\/index.php?rest_route=\/wp\/v2\/posts\/229423\/revisions\/230333"}],"wp:attachment":[{"href":"https:\/\/archivio.cercoiltuovolto.it\/index.php?rest_route=%2Fwp%2Fv2%2Fmedia&parent=229423"}],"wp:term":[{"taxonomy":"category","embeddable":true,"href":"https:\/\/archivio.cercoiltuovolto.it\/index.php?rest_route=%2Fwp%2Fv2%2Fcategories&post=229423"},{"taxonomy":"post_tag","embeddable":true,"href":"https:\/\/archivio.cercoiltuovolto.it\/index.php?rest_route=%2Fwp%2Fv2%2Ftags&post=229423"}],"curies":[{"name":"wp","href":"https:\/\/api.w.org\/{rel}","templated":true}]}}