{"id":229386,"date":"2010-01-11T06:17:11","date_gmt":"2010-01-11T06:17:11","guid":{"rendered":"https:\/\/archivio.cercoiltuovolto.it\/?p=229386"},"modified":"2026-07-03T12:12:29","modified_gmt":"2026-07-03T12:12:29","slug":"uomini-e-profeti-esercizi-di-cristianesimo-albert-schweitzer","status":"publish","type":"post","link":"https:\/\/archivio.cercoiltuovolto.it\/?p=229386","title":{"rendered":"Uomini e Profeti: Esercizi di cristianesimo &#8211; Albert Schweitzer"},"content":{"rendered":"<p style=\"text-align: justify;\"><a href=\"http:\/\/www.cercoiltuovolto.it\/\/wp-content\/uploads\/2010\/01\/albert-schweitzer.jpg\"><img loading=\"lazy\" decoding=\"async\" class=\"alignleft size-medium wp-image-9009\" title=\"albert schweitzer\" src=\"http:\/\/www.cercoiltuovolto.it\/\/wp-content\/uploads\/2010\/01\/albert-schweitzer-279x300.jpg\" alt=\"albert schweitzer\" width=\"195\" height=\"210\" \/><\/a>Albert Schweitzer, nato in Alsazia nel 1875, fu pastore. ma anche musicista, medico e teologo. Nel 1905 decise di diventare missionario medico e di recarsi in Africa. Nel 1913 si imbarc\u00f2 per il Congo, dove fond\u00f2 un ospedale a Lambar\u00e9n\u00e9, su un terreno della chiesa riformata di Francia.Nel 1952 gli venne asseganto il premio Nobel per la pace. <br \/>\n Ma quale la sua vocazione principale? In che modo riusc\u00ec a fonderle? <br \/>\n Quale novit\u00e0 introdusse nel cristianesimo tradizionale? Ne parliamo in questa puntata con il teologo valdese Paolo Ricca.<br \/>\n <a title=\"link esterno\" href=\"http:\/\/cid-7e678cf4a2bd73de.skydrive.live.com\/self.aspx\/.Public\/Radio%20Rai\/Letture-Esercizi%20di%20cristianesimo-con%20Paolo%20Ricca-III%20puntata%20Albert%20Schweitzer-A0052088.mp3\" target=\"_blank\">Download file mp3<\/a> | <a href=\"http:\/\/www.radio.rai.it\/radio3\/uomini_profeti\/archivio_2010\/audio\/uomini_profeti2010_01_03.ram\">ram<\/a><\/p>\n<p class=\"sito-web\">Fonte: <a href=\"http:\/\/www.radio.rai.it\/radio3\/uomini_profeti\/view.cfm?Q_EV_ID=308007\" target=\"_blank\">Radio Rai 3 <\/a><\/p>\n","protected":false},"excerpt":{"rendered":"<p>Albert Schweitzer, nato in Alsazia nel 1875, fu pastore. ma anche musicista, medico e teologo. Nel 1905 decise di diventare missionario medico e di recarsi in Africa. Nel 1913 si imbarc\u00f2 per il Congo, dove fond\u00f2 un ospedale a Lambar\u00e9n\u00e9, su un terreno della chiesa riformata di Francia.Nel 1952 gli venne asseganto il premio Nobel&#8230;<\/p>\n","protected":false},"author":3,"featured_media":0,"comment_status":"closed","ping_status":"closed","sticky":false,"template":"","format":"standard","meta":{"_kad_post_transparent":"","_kad_post_title":"","_kad_post_layout":"","_kad_post_sidebar_id":"","_kad_post_content_style":"","_kad_post_vertical_padding":"","_kad_post_feature":"","_kad_post_feature_position":"","_kad_post_header":false,"_kad_post_footer":false,"_kad_post_classname":"","footnotes":""},"categories":[100,4],"tags":[79,31],"class_list":["post-229386","post","type-post","status-publish","format-standard","hentry","category-100","category-audio-cattolici","tag-persone","tag-radio-nel-web"],"_links":{"self":[{"href":"https:\/\/archivio.cercoiltuovolto.it\/index.php?rest_route=\/wp\/v2\/posts\/229386","targetHints":{"allow":["GET"]}}],"collection":[{"href":"https:\/\/archivio.cercoiltuovolto.it\/index.php?rest_route=\/wp\/v2\/posts"}],"about":[{"href":"https:\/\/archivio.cercoiltuovolto.it\/index.php?rest_route=\/wp\/v2\/types\/post"}],"author":[{"embeddable":true,"href":"https:\/\/archivio.cercoiltuovolto.it\/index.php?rest_route=\/wp\/v2\/users\/3"}],"replies":[{"embeddable":true,"href":"https:\/\/archivio.cercoiltuovolto.it\/index.php?rest_route=%2Fwp%2Fv2%2Fcomments&post=229386"}],"version-history":[{"count":1,"href":"https:\/\/archivio.cercoiltuovolto.it\/index.php?rest_route=\/wp\/v2\/posts\/229386\/revisions"}],"predecessor-version":[{"id":230370,"href":"https:\/\/archivio.cercoiltuovolto.it\/index.php?rest_route=\/wp\/v2\/posts\/229386\/revisions\/230370"}],"wp:attachment":[{"href":"https:\/\/archivio.cercoiltuovolto.it\/index.php?rest_route=%2Fwp%2Fv2%2Fmedia&parent=229386"}],"wp:term":[{"taxonomy":"category","embeddable":true,"href":"https:\/\/archivio.cercoiltuovolto.it\/index.php?rest_route=%2Fwp%2Fv2%2Fcategories&post=229386"},{"taxonomy":"post_tag","embeddable":true,"href":"https:\/\/archivio.cercoiltuovolto.it\/index.php?rest_route=%2Fwp%2Fv2%2Ftags&post=229386"}],"curies":[{"name":"wp","href":"https:\/\/api.w.org\/{rel}","templated":true}]}}