{"id":229339,"date":"2009-12-28T11:02:19","date_gmt":"2009-12-28T11:02:19","guid":{"rendered":"https:\/\/archivio.cercoiltuovolto.it\/?p=229339"},"modified":"2026-07-03T12:13:27","modified_gmt":"2026-07-03T12:13:27","slug":"angelus-del-27-dicembre-2009-in-mp3-festa-della-santa-famiglia","status":"publish","type":"post","link":"https:\/\/archivio.cercoiltuovolto.it\/?p=229339","title":{"rendered":"Angelus del 27 dicembre 2009 in mp3 &#8211; festa della santa Famiglia"},"content":{"rendered":"<p><em><a href=\"http:\/\/www.cercoiltuovolto.it\/\/wp-content\/uploads\/2009\/12\/or1031643.jpg\"><img loading=\"lazy\" decoding=\"async\" class=\"alignleft size-medium wp-image-8874\" title=\"SS Benedetto XVI - Piazza San Pietro , Angelus Domini , 27-12-2009\" src=\"http:\/\/www.cercoiltuovolto.it\/\/wp-content\/uploads\/2009\/12\/or1031643-300x200.jpg\" alt=\"SS Benedetto XVI - Piazza San Pietro , Angelus Domini , 27-12-2009\" width=\"300\" height=\"200\" \/><\/a>Cari fratelli e sorelle<\/em>!<\/p>\n<p style=\"text-align: justify; \">Ricorre oggi la domenica della Santa Famiglia. Possiamo ancora immedesimarci nei pastori di Betlemme che, appena ricevuto l\u2019annuncio dall\u2019angelo, accorsero in fretta alla grotta e trovarono \u201cMaria e Giuseppe e il bambino, adagiato nella mangiatoia\u201d (<em>Lc<\/em> 2,16). Fermiamoci anche noi a contemplare questa scena, e riflettiamo sul suo significato. I primi testimoni della nascita del Cristo, i pastori, si trovarono di fronte non solo il Bambino Ges\u00f9, ma una piccola famiglia: mamma, pap\u00e0 e figlio appena nato. Dio ha voluto rivelarsi nascendo in una famiglia umana, e perci\u00f2 la famiglia umana \u00e8 diventata icona di Dio! Dio \u00e8 Trinit\u00e0, \u00e8 comunione d\u2019amore, e la famiglia ne \u00e8, in tutta la differenza esistente tra il Mistero di Dio e la sua creatura umana, un\u2019espressione che riflette il Mistero insondabile del Dio amore. L\u2019uomo e la donna, creati ad immagine di Dio, diventano nel matrimonio \u201cun\u2019unica carne\u201d (<em>Gen<\/em> 2,24), cio\u00e8 una comunione di amore che genera nuova vita. La famiglia umana, in un certo senso, \u00e8 icona della Trinit\u00e0 per l\u2019amore interpersonale e per la fecondit\u00e0 dell\u2019amore.\u00a0[<a href=\"http:\/\/www.vatican.va\/holy_father\/benedict_xvi\/angelus\/2009\/documents\/hf_ben-xvi_ang_20091227_it.html\" target=\"_blank\">Leggi tutto il messaggio<\/a>]\u00a0<em>\u00a9 Copyright 2009 &#8211; Libreria  Editrice Vaticana<\/em><\/p>\n<p class=\"info\">Link al video ufficiale (richiede Apple Quick Time)<\/p>\n<p style=\"text-align: justify;\"><img decoding=\"async\" style=\"vertical-align: middle;border=0\" title=\"Link\" src=\"http:\/\/www.cercoiltuovolto.it\/\/images\/web.png\" alt=\"Link\" \/> <strong>Fonte<\/strong>: Radio Vaticana via FeedRss | <strong>Fotografia<\/strong>: <a href=\"https:\/\/www.photo.va\/\" target=\"_blank\">Osservatore Romano<br \/>\n<\/a><span style=\"font-size: xx-small;\"><em>(The content of this podcast is copyrighted by Vatican Radio which, according to  its statute, is entrusted to manage and protect the sound recordings of the  Roman Pontiff, ensuring that their pastoral character and intellectual  property&#8217;s rights are protected when used by third parties. The content of this  podcast is made available only for personal and private use and cannot be  exploited for commercial purposes, without prior written authorization by  Vatican Radio. For further information, please contact the International  Relation Office at relint@vatiradio.va)<\/em><\/span><\/p>\n","protected":false},"excerpt":{"rendered":"<p>Cari fratelli e sorelle! Ricorre oggi la domenica della Santa Famiglia. Possiamo ancora immedesimarci nei pastori di Betlemme che, appena ricevuto l\u2019annuncio dall\u2019angelo, accorsero in fretta alla grotta e trovarono \u201cMaria e Giuseppe e il bambino, adagiato nella mangiatoia\u201d (Lc 2,16). Fermiamoci anche noi a contemplare questa scena, e riflettiamo sul suo significato. I primi&#8230;<\/p>\n","protected":false},"author":3,"featured_media":0,"comment_status":"closed","ping_status":"closed","sticky":false,"template":"","format":"standard","meta":{"_kad_post_transparent":"","_kad_post_title":"","_kad_post_layout":"","_kad_post_sidebar_id":"","_kad_post_content_style":"","_kad_post_vertical_padding":"","_kad_post_feature":"","_kad_post_feature_position":"","_kad_post_header":false,"_kad_post_footer":false,"_kad_post_classname":"","footnotes":""},"categories":[99,114],"tags":[115,73,88],"class_list":["post-229339","post","type-post","status-publish","format-standard","hentry","category-99","category-angelus","tag-audio","tag-benedetto-xvi","tag-famiglia"],"_links":{"self":[{"href":"https:\/\/archivio.cercoiltuovolto.it\/index.php?rest_route=\/wp\/v2\/posts\/229339","targetHints":{"allow":["GET"]}}],"collection":[{"href":"https:\/\/archivio.cercoiltuovolto.it\/index.php?rest_route=\/wp\/v2\/posts"}],"about":[{"href":"https:\/\/archivio.cercoiltuovolto.it\/index.php?rest_route=\/wp\/v2\/types\/post"}],"author":[{"embeddable":true,"href":"https:\/\/archivio.cercoiltuovolto.it\/index.php?rest_route=\/wp\/v2\/users\/3"}],"replies":[{"embeddable":true,"href":"https:\/\/archivio.cercoiltuovolto.it\/index.php?rest_route=%2Fwp%2Fv2%2Fcomments&post=229339"}],"version-history":[{"count":1,"href":"https:\/\/archivio.cercoiltuovolto.it\/index.php?rest_route=\/wp\/v2\/posts\/229339\/revisions"}],"predecessor-version":[{"id":230413,"href":"https:\/\/archivio.cercoiltuovolto.it\/index.php?rest_route=\/wp\/v2\/posts\/229339\/revisions\/230413"}],"wp:attachment":[{"href":"https:\/\/archivio.cercoiltuovolto.it\/index.php?rest_route=%2Fwp%2Fv2%2Fmedia&parent=229339"}],"wp:term":[{"taxonomy":"category","embeddable":true,"href":"https:\/\/archivio.cercoiltuovolto.it\/index.php?rest_route=%2Fwp%2Fv2%2Fcategories&post=229339"},{"taxonomy":"post_tag","embeddable":true,"href":"https:\/\/archivio.cercoiltuovolto.it\/index.php?rest_route=%2Fwp%2Fv2%2Ftags&post=229339"}],"curies":[{"name":"wp","href":"https:\/\/api.w.org\/{rel}","templated":true}]}}