{"id":229333,"date":"2009-12-27T09:37:54","date_gmt":"2009-12-27T09:37:54","guid":{"rendered":"https:\/\/archivio.cercoiltuovolto.it\/?p=229333"},"modified":"2026-07-03T12:13:27","modified_gmt":"2026-07-03T12:13:27","slug":"il-commento-del-teologo-don-massimo-serretti-al-vangelo-della-domenica-nella-festa-della-santa-famiglia","status":"publish","type":"post","link":"https:\/\/archivio.cercoiltuovolto.it\/?p=229333","title":{"rendered":"Il commento del teologo don Massimo Serretti al Vangelo della domenica nella Festa della Santa Famiglia"},"content":{"rendered":"<p style=\"text-align: justify;\"><span style=\"font-family: arial, sans-serif; line-height: normal; border-collapse: collapse;\">Nella Festa della Santa Famiglia la Liturgia ci propone il passo del Vangelo dello smarrimento e ritrovamento di Ges\u00f9 a Gerusalemme, durante la festa di Pasqua. Maria e Giuseppe, dopo tre giorni di angosciose ricerche, trovano il Figlio nel tempio, seduto in mezzo ai maestri. Alla Madre, che gli chiede spiegazioni, Ges\u00f9 risponde: \u201cNon sapevate che io devo occuparmi delle cose del Padre mio?\u201d. \u201cMa essi non compresero ci\u00f2 che aveva detto loro. Scese dunque con loro e venne a Nazaret e stava loro sottomesso. Sua madre custodiva tutte queste cose nel suo cuore. E Ges\u00f9 cresceva in sapienza, et\u00e0 e grazia davanti a Dio e agli uomini\u201d. Su questo brano del Vangelo, ascoltiamo il commento del teologo, don Massimo Serretti, docente di Dogmatica alla Pontificia Universit\u00e0 Lateranense:00:01:55:92 La Santa Famiglia di Ges\u00f9, Maria e Giuseppe \u00e8 unica e singolare, ma in essa \u00e8 presente una verit\u00e0 che riguarda tutte le famiglie, e, ancor prima, la qualit\u00e0 stessa dell\u2019unit\u00e0 dell\u2019uomo e della donna. L\u2019Unigenito di Dio entra nel mondo inserendosi in una storia d\u2019amore di un uomo, Giuseppe, e di una donna, Maria. L\u2019Incarnazione del Figlio richiede e suppone questo legame d\u2019amore e di promessa dell\u2019uomo e della donna. Tuttavia, con il Suo avvento Egli lo modifica e lo innalza aprendolo in tutte le direzioni verso l\u2019Infinito, verso il Padre che \u00e8 nei Cieli. A Maria e Giuseppe non \u00e8 richiesto di censurare il loro affetto e la loro promessa reciproca, ma di aprirlo al Mistero della presenza e dell\u2019azione divina. Il loro amore diventa la dimora di Dio, la Sua tenda, lo spazio comunionale nel quale il Figlio eterno abita, senza che lo si possa possedere o comprendere (\u00abma essi non compresero\u00bb), ma senza che sia perci\u00f2 meno organicamente legato alle loro persone e alla loro unit\u00e0 di famiglia (\u00abstava loro sottomesso\u00bb). D\u2019ora in avanti tutte le storie d\u2019amore di tutti gli uomini e le donne che accolgono Ges\u00f9 sperimenteranno questa dilatazione e questo inveramento di cui Maria e Giuseppe furono progenitori e scopriranno come il loro amore sia dentro quello del Padre. Quel che mirabilmente era stato creato (\u00abuomo e donna lo cre\u00f2\u00bb), viene redento in modo ancor pi\u00f9 mirabile.<\/span><\/p>\n<p>via\u00a0<a href=\"http:\/\/www.vaticanradio.org\">R<\/a>adio Vaticana.<\/p>\n","protected":false},"excerpt":{"rendered":"<p>Nella Festa della Santa Famiglia la Liturgia ci propone il passo del Vangelo dello smarrimento e ritrovamento di Ges\u00f9 a Gerusalemme, durante la festa di Pasqua. Maria e Giuseppe, dopo tre giorni di angosciose ricerche, trovano il Figlio nel tempio, seduto in mezzo ai maestri. Alla Madre, che gli chiede spiegazioni, Ges\u00f9 risponde: \u201cNon sapevate&#8230;<\/p>\n","protected":false},"author":3,"featured_media":0,"comment_status":"closed","ping_status":"closed","sticky":false,"template":"","format":"standard","meta":{"_kad_post_transparent":"","_kad_post_title":"","_kad_post_layout":"","_kad_post_sidebar_id":"","_kad_post_content_style":"","_kad_post_vertical_padding":"","_kad_post_feature":"","_kad_post_feature_position":"","_kad_post_header":false,"_kad_post_footer":false,"_kad_post_classname":"","footnotes":""},"categories":[99,4],"tags":[5,88,27],"class_list":["post-229333","post","type-post","status-publish","format-standard","hentry","category-99","category-audio-cattolici","tag-commento-al-vangelo","tag-famiglia","tag-radio-vaticana"],"_links":{"self":[{"href":"https:\/\/archivio.cercoiltuovolto.it\/index.php?rest_route=\/wp\/v2\/posts\/229333","targetHints":{"allow":["GET"]}}],"collection":[{"href":"https:\/\/archivio.cercoiltuovolto.it\/index.php?rest_route=\/wp\/v2\/posts"}],"about":[{"href":"https:\/\/archivio.cercoiltuovolto.it\/index.php?rest_route=\/wp\/v2\/types\/post"}],"author":[{"embeddable":true,"href":"https:\/\/archivio.cercoiltuovolto.it\/index.php?rest_route=\/wp\/v2\/users\/3"}],"replies":[{"embeddable":true,"href":"https:\/\/archivio.cercoiltuovolto.it\/index.php?rest_route=%2Fwp%2Fv2%2Fcomments&post=229333"}],"version-history":[{"count":1,"href":"https:\/\/archivio.cercoiltuovolto.it\/index.php?rest_route=\/wp\/v2\/posts\/229333\/revisions"}],"predecessor-version":[{"id":230419,"href":"https:\/\/archivio.cercoiltuovolto.it\/index.php?rest_route=\/wp\/v2\/posts\/229333\/revisions\/230419"}],"wp:attachment":[{"href":"https:\/\/archivio.cercoiltuovolto.it\/index.php?rest_route=%2Fwp%2Fv2%2Fmedia&parent=229333"}],"wp:term":[{"taxonomy":"category","embeddable":true,"href":"https:\/\/archivio.cercoiltuovolto.it\/index.php?rest_route=%2Fwp%2Fv2%2Fcategories&post=229333"},{"taxonomy":"post_tag","embeddable":true,"href":"https:\/\/archivio.cercoiltuovolto.it\/index.php?rest_route=%2Fwp%2Fv2%2Ftags&post=229333"}],"curies":[{"name":"wp","href":"https:\/\/api.w.org\/{rel}","templated":true}]}}