{"id":229330,"date":"2009-12-26T11:31:33","date_gmt":"2009-12-26T11:31:33","guid":{"rendered":"https:\/\/archivio.cercoiltuovolto.it\/?p=229330"},"modified":"2026-07-03T12:13:27","modified_gmt":"2026-07-03T12:13:27","slug":"messaggio-di-natale-2009-urbi-et-orbi-di-benedetto-xvi-in-mp3-e-video","status":"publish","type":"post","link":"https:\/\/archivio.cercoiltuovolto.it\/?p=229330","title":{"rendered":"Messaggio di Natale 2009 URBI et Orbi di Benedetto XVI in mp3 e video"},"content":{"rendered":"<p><a href=\"http:\/\/www.cercoiltuovolto.it\/\/wp-content\/uploads\/2009\/12\/or1031620.jpg\"><img loading=\"lazy\" decoding=\"async\" class=\"alignleft size-medium wp-image-8852\" title=\"S.S. Benedetto XVI - messaggio matalizio e Benedizione Urbi et Orbi\" src=\"http:\/\/www.cercoiltuovolto.it\/\/wp-content\/uploads\/2009\/12\/or1031620-199x300.jpg\" alt=\"S.S. Benedetto XVI - messaggio matalizio e Benedizione Urbi et Orbi\" width=\"199\" height=\"300\" \/><\/a>Cari fratelli e sorelle di Roma e del mondo intero,<br \/>\n e voi tutti, uomini e donne amati dal Signore!<\/p>\n<p>\u201c<em>Lux fulgebit hodie super nos,<br \/>\n quia natus est nobis Dominus<\/em>.<br \/>\n &#8211; Oggi su di noi splender\u00e0 la luce,<br \/>\n Perch\u00e9 \u00e8 nato per noi il Signore\u201d\u00a0<br \/>\n (<em>Messale Romano<\/em>, Natale del Signore, Messa dell\u2019Aurora, Antifona d\u2019ingresso).<\/p>\n<p>La liturgia della Messa dell\u2019Aurora ci ha ricordato che ormai la notte \u00e8 passata, il giorno \u00e8 avanzato; la luce che promana dalla grotta di Betlemme risplende su di noi.<\/p>\n<p style=\"text-align: justify;\">Tuttavia, la Bibbia e la Liturgia non ci parlano della luce naturale, ma di una luce diversa, speciale, in qualche modo mirata e orientata verso un \u201cnoi\u201d, lo stesso \u201cnoi\u201d per cui il Bambino di Betlemme \u201c\u00e8 nato\u201d. Questo \u201cnoi\u201d \u00e8 la Chiesa, la grande famiglia universale dei credenti in Cristo, che hanno atteso con speranza la nuova nascita del Salvatore ed oggi celebrano nel mistero la perenne attualit\u00e0 di questo evento.\u00a0[<a href=\"http:\/\/www.vatican.va\/holy_father\/benedict_xvi\/messages\/urbi\/documents\/hf_ben-xvi_mes_20091225_urbi_it.html\" target=\"_blank\">Leggi tutto il messaggio<\/a>]\u00a0<em>\u00a9 Copyright 2009 &#8211; Libreria  Editrice Vaticana<\/em><\/p>\n<p class=\"camera\">Link al video ufficiale Vaticano\u00a0(richiede Apple Quick Time)<\/p>\n<p class=\"televisione\"><a href=\"http:\/\/benedictxvi.tv\/site\/2009\/12\/25\/urbi-et-orbi\/\" target=\"_blank\">Registrazioni complete<\/a> in bassa ed alta definizione<\/p>\n<p style=\"text-align: justify;\"><img decoding=\"async\" style=\"vertical-align: middle;border=0\" title=\"Link\" src=\"http:\/\/www.cercoiltuovolto.it\/\/images\/web.png\" alt=\"Link\" \/> <strong>Fonte<\/strong>: Radio Vaticana via FeedRss | <strong>Fotografia<\/strong>: <a href=\"https:\/\/www.photo.va\/\" target=\"_blank\">Osservatore Romano<br \/>\n<\/a><span style=\"font-size: xx-small;\"><em>(The content of this podcast is copyrighted by Vatican Radio which, according to  its statute, is entrusted to manage and protect the sound recordings of the  Roman Pontiff, ensuring that their pastoral character and intellectual  property&#8217;s rights are protected when used by third parties. The content of this  podcast is made available only for personal and private use and cannot be  exploited for commercial purposes, without prior written authorization by  Vatican Radio. For further information, please contact the International  Relation Office at relint@vatiradio.va)<\/em><\/span><\/p>\n","protected":false},"excerpt":{"rendered":"<p>Cari fratelli e sorelle di Roma e del mondo intero, e voi tutti, uomini e donne amati dal Signore! \u201cLux fulgebit hodie super nos, quia natus est nobis Dominus. &#8211; Oggi su di noi splender\u00e0 la luce, Perch\u00e9 \u00e8 nato per noi il Signore\u201d\u00a0 (Messale Romano, Natale del Signore, Messa dell\u2019Aurora, Antifona d\u2019ingresso). La liturgia&#8230;<\/p>\n","protected":false},"author":3,"featured_media":0,"comment_status":"closed","ping_status":"closed","sticky":false,"template":"","format":"standard","meta":{"_kad_post_transparent":"","_kad_post_title":"","_kad_post_layout":"","_kad_post_sidebar_id":"","_kad_post_content_style":"","_kad_post_vertical_padding":"","_kad_post_feature":"","_kad_post_feature_position":"","_kad_post_header":false,"_kad_post_footer":false,"_kad_post_classname":"","footnotes":""},"categories":[99,114],"tags":[115,73,294],"class_list":["post-229330","post","type-post","status-publish","format-standard","hentry","category-99","category-angelus","tag-audio","tag-benedetto-xvi","tag-urbi-et-orbi"],"_links":{"self":[{"href":"https:\/\/archivio.cercoiltuovolto.it\/index.php?rest_route=\/wp\/v2\/posts\/229330","targetHints":{"allow":["GET"]}}],"collection":[{"href":"https:\/\/archivio.cercoiltuovolto.it\/index.php?rest_route=\/wp\/v2\/posts"}],"about":[{"href":"https:\/\/archivio.cercoiltuovolto.it\/index.php?rest_route=\/wp\/v2\/types\/post"}],"author":[{"embeddable":true,"href":"https:\/\/archivio.cercoiltuovolto.it\/index.php?rest_route=\/wp\/v2\/users\/3"}],"replies":[{"embeddable":true,"href":"https:\/\/archivio.cercoiltuovolto.it\/index.php?rest_route=%2Fwp%2Fv2%2Fcomments&post=229330"}],"version-history":[{"count":1,"href":"https:\/\/archivio.cercoiltuovolto.it\/index.php?rest_route=\/wp\/v2\/posts\/229330\/revisions"}],"predecessor-version":[{"id":230423,"href":"https:\/\/archivio.cercoiltuovolto.it\/index.php?rest_route=\/wp\/v2\/posts\/229330\/revisions\/230423"}],"wp:attachment":[{"href":"https:\/\/archivio.cercoiltuovolto.it\/index.php?rest_route=%2Fwp%2Fv2%2Fmedia&parent=229330"}],"wp:term":[{"taxonomy":"category","embeddable":true,"href":"https:\/\/archivio.cercoiltuovolto.it\/index.php?rest_route=%2Fwp%2Fv2%2Fcategories&post=229330"},{"taxonomy":"post_tag","embeddable":true,"href":"https:\/\/archivio.cercoiltuovolto.it\/index.php?rest_route=%2Fwp%2Fv2%2Ftags&post=229330"}],"curies":[{"name":"wp","href":"https:\/\/api.w.org\/{rel}","templated":true}]}}