{"id":229319,"date":"2009-12-24T06:00:58","date_gmt":"2009-12-24T06:00:58","guid":{"rendered":"https:\/\/archivio.cercoiltuovolto.it\/?p=229319"},"modified":"2026-07-03T12:13:27","modified_gmt":"2026-07-03T12:13:27","slug":"padre-cantalamessa-i-sacerdoti-sono-chiamati-ad-imitare-maria-modello-di-chi-dona-con-gioia","status":"publish","type":"post","link":"https:\/\/archivio.cercoiltuovolto.it\/?p=229319","title":{"rendered":"padre Cantalamessa: i sacerdoti sono chiamati ad imitare Maria, modello di chi dona con gioia"},"content":{"rendered":"<p style=\"text-align: justify;\">&#8220;Il rinnovamento spirituale del sacerdozio cattolico, auspicato dal Santo Padre, sar\u00e0 proporzionato  allo slancio con cui ognuno di noi, sacerdoti  o vescovi della Chiesa, saremo capaci di pronunciare di nuovo un gioioso: &#8216;Eccomi!&#8217; e &#8216;S\u00ec, lo voglio!&#8217; facendo rivivere lunzione ricevuta nellordinazione. Ges\u00f9 entr\u00f2 nel mondo dicendo: &#8216;Ecco, io vengo , per fare, o Dio, la tua volont\u00e0!&#8217; (Eb 10,7).  Noi lo accogliamo, in questo Natale, con le stesse parole: &#8216;Ecco, io vengo, Signore Ges\u00f9,  a fare la tua volont\u00e0!'&#8221;.<\/p>\n<p style=\"text-align: center;\">\n<p class=\"information\">Fonte: RADIO VATICANA 18 dicembre 2009<\/p>\n","protected":false},"excerpt":{"rendered":"<p>&#8220;Il rinnovamento spirituale del sacerdozio cattolico, auspicato dal Santo Padre, sar\u00e0 proporzionato allo slancio con cui ognuno di noi, sacerdoti o vescovi della Chiesa, saremo capaci di pronunciare di nuovo un gioioso: &#8216;Eccomi!&#8217; e &#8216;S\u00ec, lo voglio!&#8217; facendo rivivere lunzione ricevuta nellordinazione. Ges\u00f9 entr\u00f2 nel mondo dicendo: &#8216;Ecco, io vengo , per fare, o Dio,&#8230;<\/p>\n","protected":false},"author":3,"featured_media":0,"comment_status":"closed","ping_status":"closed","sticky":false,"template":"","format":"standard","meta":{"_kad_post_transparent":"","_kad_post_title":"","_kad_post_layout":"","_kad_post_sidebar_id":"","_kad_post_content_style":"","_kad_post_vertical_padding":"","_kad_post_feature":"","_kad_post_feature_position":"","_kad_post_header":false,"_kad_post_footer":false,"_kad_post_classname":"","footnotes":""},"categories":[99,140],"tags":[195,27,9],"class_list":["post-229319","post","type-post","status-publish","format-standard","hentry","category-99","category-francescani","tag-maria","tag-radio-vaticana","tag-vaticano"],"_links":{"self":[{"href":"https:\/\/archivio.cercoiltuovolto.it\/index.php?rest_route=\/wp\/v2\/posts\/229319","targetHints":{"allow":["GET"]}}],"collection":[{"href":"https:\/\/archivio.cercoiltuovolto.it\/index.php?rest_route=\/wp\/v2\/posts"}],"about":[{"href":"https:\/\/archivio.cercoiltuovolto.it\/index.php?rest_route=\/wp\/v2\/types\/post"}],"author":[{"embeddable":true,"href":"https:\/\/archivio.cercoiltuovolto.it\/index.php?rest_route=\/wp\/v2\/users\/3"}],"replies":[{"embeddable":true,"href":"https:\/\/archivio.cercoiltuovolto.it\/index.php?rest_route=%2Fwp%2Fv2%2Fcomments&post=229319"}],"version-history":[{"count":1,"href":"https:\/\/archivio.cercoiltuovolto.it\/index.php?rest_route=\/wp\/v2\/posts\/229319\/revisions"}],"predecessor-version":[{"id":230435,"href":"https:\/\/archivio.cercoiltuovolto.it\/index.php?rest_route=\/wp\/v2\/posts\/229319\/revisions\/230435"}],"wp:attachment":[{"href":"https:\/\/archivio.cercoiltuovolto.it\/index.php?rest_route=%2Fwp%2Fv2%2Fmedia&parent=229319"}],"wp:term":[{"taxonomy":"category","embeddable":true,"href":"https:\/\/archivio.cercoiltuovolto.it\/index.php?rest_route=%2Fwp%2Fv2%2Fcategories&post=229319"},{"taxonomy":"post_tag","embeddable":true,"href":"https:\/\/archivio.cercoiltuovolto.it\/index.php?rest_route=%2Fwp%2Fv2%2Ftags&post=229319"}],"curies":[{"name":"wp","href":"https:\/\/api.w.org\/{rel}","templated":true}]}}